{"id":16322,"date":"2016-04-25T09:31:02","date_gmt":"2016-04-25T08:31:02","guid":{"rendered":"http:\/\/fegrama.cat\/web\/?p=16322"},"modified":"2016-04-25T09:31:02","modified_gmt":"2016-04-25T08:31:02","slug":"lalevi-a-va-caure-a-casa-contra-el-sant-andreu","status":"publish","type":"post","link":"http:\/\/fegrama.cat\/web\/lalevi-a-va-caure-a-casa-contra-el-sant-andreu\/","title":{"rendered":"L&#8217;Alev\u00ed A va caure a casa contra el Sant Andreu"},"content":{"rendered":"<p>L&#8217;Alev\u00ed A va caure a casa 1-5 davant la UE Sant Andreu, i malgrat aquesta derrota segueixen els nostres nois fora de descens. Queden tres jornades per al final i els dos pr\u00f2xims partit s\u00f3n fora de casa davant rivals directes.<\/p>\n<p>Des del principi els de Barcelona van dominar el partit i en el primer minut de joc s&#8217;avan\u00e7aven al marcador. Mitjan\u00e7ant un bon treball defensiu van aconseguir els locals arribar al segon quart amb 0-1 i en l&#8217;\u00fanica bona acci\u00f3 col\u00b7lectiva en fase d&#8217;atac que van tenir van aconseguir l&#8217;empat (Iker Fern\u00e1ndez).<\/p>\n<p>Despr\u00e9s d&#8217;una primera meitat dominada pel Sant Andreu per\u00f2 molt igualada a la segona meitat la superioritat visitant es va imposar.<\/p>\n<div>\n<p><a href=\"http:\/\/fegrama.cat\/web\/wp-content\/uploads\/2013\/12\/DSC1855.jpg\"><img loading=\"lazy\" decoding=\"async\" class=\"aligncenter\" alt=\"Alev\u00ed A 1516\" src=\"http:\/\/fegrama.cat\/web\/wp-content\/uploads\/2013\/12\/DSC1855-1024x664.jpg\" width=\"618\" height=\"400\" \/><\/a><\/p>\n<p>El Alev\u00edn A cay\u00f3 en casa 1-5 ante la UE Sant Andreu, y pese a esta derrota siguen nuestros chicos fuera de descenso. Quedan tres jornadas para el final y los dos pr\u00f3ximos partido son fuera de casa ante rivales directos.<\/p>\n<p>Desde el principio los de Barcelona dominaron el partido y en el primer minuto de juego se adelantaban en el marcador. Mediante un buen trabajo defensivo lograron los locales llegar al segundo cuarto con 0-1 y en la \u00fanica buena acci\u00f3n colectiva en fase de ataque que tuvieron lograron el empate (Iker Fern\u00e1ndez).<\/p>\n<p>Tras una primera mitad dominada por el Sant Andreu pero muy igualada en la segunda mitad la superioridad visitante se impuso.<\/p>\n<\/div>\n","protected":false},"excerpt":{"rendered":"<p>L&#8217;Alev\u00ed A va caure a casa 1-5 davant la UE Sant Andreu, i malgrat aquesta derrota segueixen els nostres nois fora de descens. Queden tres jornades per al final i els dos pr\u00f2xims partit s\u00f3n fora de casa davant rivals directes. Des del principi els de Barcelona van dominar el partit i en el primer [&hellip;]<\/p>\n","protected":false},"author":1,"featured_media":14888,"comment_status":"closed","ping_status":"closed","sticky":false,"template":"","format":"standard","meta":{"footnotes":""},"categories":[10,4],"tags":[],"class_list":["post-16322","post","type-post","status-publish","format-standard","has-post-thumbnail","hentry","category-alevins","category-base-inclusiu"],"_links":{"self":[{"href":"http:\/\/fegrama.cat\/web\/wp-json\/wp\/v2\/posts\/16322","targetHints":{"allow":["GET"]}}],"collection":[{"href":"http:\/\/fegrama.cat\/web\/wp-json\/wp\/v2\/posts"}],"about":[{"href":"http:\/\/fegrama.cat\/web\/wp-json\/wp\/v2\/types\/post"}],"author":[{"embeddable":true,"href":"http:\/\/fegrama.cat\/web\/wp-json\/wp\/v2\/users\/1"}],"replies":[{"embeddable":true,"href":"http:\/\/fegrama.cat\/web\/wp-json\/wp\/v2\/comments?post=16322"}],"version-history":[{"count":1,"href":"http:\/\/fegrama.cat\/web\/wp-json\/wp\/v2\/posts\/16322\/revisions"}],"predecessor-version":[{"id":16323,"href":"http:\/\/fegrama.cat\/web\/wp-json\/wp\/v2\/posts\/16322\/revisions\/16323"}],"wp:featuredmedia":[{"embeddable":true,"href":"http:\/\/fegrama.cat\/web\/wp-json\/wp\/v2\/media\/14888"}],"wp:attachment":[{"href":"http:\/\/fegrama.cat\/web\/wp-json\/wp\/v2\/media?parent=16322"}],"wp:term":[{"taxonomy":"category","embeddable":true,"href":"http:\/\/fegrama.cat\/web\/wp-json\/wp\/v2\/categories?post=16322"},{"taxonomy":"post_tag","embeddable":true,"href":"http:\/\/fegrama.cat\/web\/wp-json\/wp\/v2\/tags?post=16322"}],"curies":[{"name":"wp","href":"https:\/\/api.w.org\/{rel}","templated":true}]}}