{"id":16320,"date":"2016-04-25T09:20:33","date_gmt":"2016-04-25T08:20:33","guid":{"rendered":"http:\/\/fegrama.cat\/web\/?p=16320"},"modified":"2016-04-25T09:20:33","modified_gmt":"2016-04-25T08:20:33","slug":"el-juvenil-a-va-guanyar-a-santa-coloma-al-can-vidalet","status":"publish","type":"post","link":"http:\/\/fegrama.cat\/web\/el-juvenil-a-va-guanyar-a-santa-coloma-al-can-vidalet\/","title":{"rendered":"El Juvenil A va guanyar a Santa Coloma al Can Vidalet"},"content":{"rendered":"<p>Treballada vict\u00f2ria del Juvenil A enfront del CF Can Vidalet per 1-0. Tres punts importants que col\u00b7loquen als colomencs a la cinquena posici\u00f3 de la lliga.<\/p>\n<p>Primera part molt igualada on els visitants van lligar de mans molt b\u00e9 als colomencs. En la segona i despr\u00e9s del gol d&#8217;Iv\u00e1n la Fundaci\u00f3 va gaudir de diferents ocasions per ampliar el seu avantatge per\u00f2 sense sort de cara a porta.<\/p>\n<p>El m\u00e9s important \u00e9s que no van patir i van treure una vict\u00f2ria a casa davant d&#8217;un bon rival.<\/p>\n<p><a href=\"http:\/\/fegrama.cat\/web\/wp-content\/uploads\/2013\/12\/DSC1803.jpg\"><img loading=\"lazy\" decoding=\"async\" class=\"aligncenter\" alt=\"Juvenil A 1516\" src=\"http:\/\/fegrama.cat\/web\/wp-content\/uploads\/2013\/12\/DSC1803-1024x664.jpg\" width=\"618\" height=\"400\" \/><\/a><\/p>\n<p>Trabajada victoria del Juvenil A frente al CF Can Vidalet por 1-0. Tres puntos importantes que colocan a los colomenses en la quinta posici\u00f3n de la liga.<\/p>\n<p>Primera parte muy igualada donde los visitantes maniataron muy bien a los colomenses. En la segunda y tras el gol de Iv\u00e1n la Fundaci\u00f3 goz\u00f3 de diferentes ocasiones para ampliar su ventaja pero sin suerte de cara a puerta.<\/p>\n<p>Lo m\u00e1s importante es que no sufrieron y sacaron una victoria en casa ante un buen rival.<\/p>\n","protected":false},"excerpt":{"rendered":"<p>Treballada vict\u00f2ria del Juvenil A enfront del CF Can Vidalet per 1-0. Tres punts importants que col\u00b7loquen als colomencs a la cinquena posici\u00f3 de la lliga. Primera part molt igualada on els visitants van lligar de mans molt b\u00e9 als colomencs. En la segona i despr\u00e9s del gol d&#8217;Iv\u00e1n la Fundaci\u00f3 va gaudir de diferents [&hellip;]<\/p>\n","protected":false},"author":1,"featured_media":14874,"comment_status":"closed","ping_status":"closed","sticky":false,"template":"","format":"standard","meta":{"footnotes":""},"categories":[4,6],"tags":[],"class_list":["post-16320","post","type-post","status-publish","format-standard","has-post-thumbnail","hentry","category-base-inclusiu","category-juvenils"],"_links":{"self":[{"href":"http:\/\/fegrama.cat\/web\/wp-json\/wp\/v2\/posts\/16320","targetHints":{"allow":["GET"]}}],"collection":[{"href":"http:\/\/fegrama.cat\/web\/wp-json\/wp\/v2\/posts"}],"about":[{"href":"http:\/\/fegrama.cat\/web\/wp-json\/wp\/v2\/types\/post"}],"author":[{"embeddable":true,"href":"http:\/\/fegrama.cat\/web\/wp-json\/wp\/v2\/users\/1"}],"replies":[{"embeddable":true,"href":"http:\/\/fegrama.cat\/web\/wp-json\/wp\/v2\/comments?post=16320"}],"version-history":[{"count":1,"href":"http:\/\/fegrama.cat\/web\/wp-json\/wp\/v2\/posts\/16320\/revisions"}],"predecessor-version":[{"id":16321,"href":"http:\/\/fegrama.cat\/web\/wp-json\/wp\/v2\/posts\/16320\/revisions\/16321"}],"wp:featuredmedia":[{"embeddable":true,"href":"http:\/\/fegrama.cat\/web\/wp-json\/wp\/v2\/media\/14874"}],"wp:attachment":[{"href":"http:\/\/fegrama.cat\/web\/wp-json\/wp\/v2\/media?parent=16320"}],"wp:term":[{"taxonomy":"category","embeddable":true,"href":"http:\/\/fegrama.cat\/web\/wp-json\/wp\/v2\/categories?post=16320"},{"taxonomy":"post_tag","embeddable":true,"href":"http:\/\/fegrama.cat\/web\/wp-json\/wp\/v2\/tags?post=16320"}],"curies":[{"name":"wp","href":"https:\/\/api.w.org\/{rel}","templated":true}]}}