{"id":16313,"date":"2016-04-25T08:42:28","date_gmt":"2016-04-25T07:42:28","guid":{"rendered":"http:\/\/fegrama.cat\/web\/?p=16313"},"modified":"2016-04-25T08:42:28","modified_gmt":"2016-04-25T07:42:28","slug":"el-benjami-a-va-empatar-el-derbi-contra-larrabal","status":"publish","type":"post","link":"http:\/\/fegrama.cat\/web\/el-benjami-a-va-empatar-el-derbi-contra-larrabal\/","title":{"rendered":"El Benjam\u00ed A va empatar el derbi contra l&#8217;Arrabal"},"content":{"rendered":"<p>Els nois de V\u00edctor D\u00edaz van empatar, 2-2, davant el CD Arrabal-Calaf de Gramenet que sap a poc tot i haver anat per darrere en el marcador tot el partit.<\/p>\n<p>Partid\u00e0s al Nou Municipal, tot i la llunyania que es trobaven els dos equips a la classificaci\u00f3 vam veure un apassionant derbi. Els locals van dominar el joc aconseguint arribar amb molt perill a la porteria rival per\u00f2 sense fortuna de cara a porta.<\/p>\n<p>Mentrestant l&#8217;Arrabal va fer un partit molt seri\u00f3s en defensa i en atac, a m\u00e9s van aconseguir en el minut 4 avan\u00e7ar-se al marcador. En el segon quart els visitants aconseguien posar el 0-2 amb el qual es marxarien els dos conjunts al descans. Ferran i Ara van aconseguir en la segona meitat dos gols molt importants per al menys treure un empat.<\/p>\n<p><a href=\"http:\/\/fegrama.cat\/web\/wp-content\/uploads\/2013\/12\/DSC1889.jpg\"><img loading=\"lazy\" decoding=\"async\" class=\"aligncenter\" alt=\"Benjam\u00ed A 1516\" src=\"http:\/\/fegrama.cat\/web\/wp-content\/uploads\/2013\/12\/DSC1889-1024x664.jpg\" width=\"618\" height=\"400\" \/><\/a><\/p>\n<p>Los chicos de V\u00edctor D\u00edaz empataron, 2-2, ante el CD Arrabal-Calaf de Gramenet que sabe a poco a pesar de haber ido por detr\u00e1s en el marcador todo el partido.<\/p>\n<p>Partidazo en el Nou Municipal, a pesar de lo lejos que se encontraban los dos equipos en la clasificaci\u00f3n vimos un apasionante derbi. Los locales dominaron el juego consiguiendo llegar con mucho peligro a la porter\u00eda rival pero sin fortuna de cara a puerta.<\/p>\n<p>Mientras tanto el Arrabal hizo un partido muy serio en defensa y en ataque, adem\u00e1s consiguieron en el minuto 4 adelantarse en el marcador. En el segundo cuarto los visitantes consegu\u00edan poner el 0-2 con el que se marchar\u00edan los dos conjuntos al descanso. Ferran y Ara lograron en la segunda mitad dos goles muy importantes para a menos sacar un empate.<\/p>\n","protected":false},"excerpt":{"rendered":"<p>Els nois de V\u00edctor D\u00edaz van empatar, 2-2, davant el CD Arrabal-Calaf de Gramenet que sap a poc tot i haver anat per darrere en el marcador tot el partit. Partid\u00e0s al Nou Municipal, tot i la llunyania que es trobaven els dos equips a la classificaci\u00f3 vam veure un apassionant derbi. Els locals van [&hellip;]<\/p>\n","protected":false},"author":1,"featured_media":14910,"comment_status":"closed","ping_status":"closed","sticky":false,"template":"","format":"standard","meta":{"footnotes":""},"categories":[4,11],"tags":[],"class_list":["post-16313","post","type-post","status-publish","format-standard","has-post-thumbnail","hentry","category-base-inclusiu","category-benjamins"],"_links":{"self":[{"href":"http:\/\/fegrama.cat\/web\/wp-json\/wp\/v2\/posts\/16313","targetHints":{"allow":["GET"]}}],"collection":[{"href":"http:\/\/fegrama.cat\/web\/wp-json\/wp\/v2\/posts"}],"about":[{"href":"http:\/\/fegrama.cat\/web\/wp-json\/wp\/v2\/types\/post"}],"author":[{"embeddable":true,"href":"http:\/\/fegrama.cat\/web\/wp-json\/wp\/v2\/users\/1"}],"replies":[{"embeddable":true,"href":"http:\/\/fegrama.cat\/web\/wp-json\/wp\/v2\/comments?post=16313"}],"version-history":[{"count":1,"href":"http:\/\/fegrama.cat\/web\/wp-json\/wp\/v2\/posts\/16313\/revisions"}],"predecessor-version":[{"id":16314,"href":"http:\/\/fegrama.cat\/web\/wp-json\/wp\/v2\/posts\/16313\/revisions\/16314"}],"wp:featuredmedia":[{"embeddable":true,"href":"http:\/\/fegrama.cat\/web\/wp-json\/wp\/v2\/media\/14910"}],"wp:attachment":[{"href":"http:\/\/fegrama.cat\/web\/wp-json\/wp\/v2\/media?parent=16313"}],"wp:term":[{"taxonomy":"category","embeddable":true,"href":"http:\/\/fegrama.cat\/web\/wp-json\/wp\/v2\/categories?post=16313"},{"taxonomy":"post_tag","embeddable":true,"href":"http:\/\/fegrama.cat\/web\/wp-json\/wp\/v2\/tags?post=16313"}],"curies":[{"name":"wp","href":"https:\/\/api.w.org\/{rel}","templated":true}]}}