{"id":15774,"date":"2016-03-20T17:45:29","date_gmt":"2016-03-20T16:45:29","guid":{"rendered":"http:\/\/fegrama.cat\/web\/?p=15774"},"modified":"2016-03-21T11:13:51","modified_gmt":"2016-03-21T10:13:51","slug":"el-cadet-c-va-caure-contra-el-tercer-classificat","status":"publish","type":"post","link":"http:\/\/fegrama.cat\/web\/el-cadet-c-va-caure-contra-el-tercer-classificat\/","title":{"rendered":"El Cadet C va caure contra el tercer classificat"},"content":{"rendered":"<p>Els nois de Xavi Miralles i Joan Fradera van caure derrotats per un ajustat 2-3 al Nou Municipal davant el CF Santa Eul\u00e0lia C, tercer classificat de la lliga.<\/p>\n<p>Gran partit de futbol, entre un aspirant al ascens y la FE Grama.\u00a0Un partit trepidant, on al minut 77 \u00a0la Fundaci\u00f3 va aconseguir l&#8217;empat a dos i al minut 80 va arribar el definitiu 2-3. Un dels millors del partit va ser el porter Juli que amb 1-2 i l&#8217;equip passant moments de desconcert ell va aconseguir salvar el seu equip en diverses ocasions.<\/p>\n<p>Joan Fradera: \u00abContent y orgull\u00f3s de l&#8217;equip, vam ser superiors\u00a0futbolisticament,\u00a0per\u00f2 el rival es va imposar per for\u00e7a i altura, els gols d&#8217;ells a pilota aturada.\u00bb<\/p>\n<p><a href=\"http:\/\/fegrama.cat\/web\/wp-content\/uploads\/2016\/03\/cadCrefugiats.jpg\"><img loading=\"lazy\" decoding=\"async\" class=\"aligncenter size-full wp-image-15775\" alt=\"cadCrefugiats\" src=\"http:\/\/fegrama.cat\/web\/wp-content\/uploads\/2016\/03\/cadCrefugiats.jpg\" width=\"800\" height=\"450\" \/><\/a><\/p>\n<p>Los chicos de Xavi Miralles y Joan Fradera cayeron derrotados por un ajustado 2-3 en el Nou Municipal ante el CF Santa Eulalia C, tercer clasificado de la liga.<\/p>\n<p>Gran partido de f\u00fatbol, entre un aspirante al ascenso y la FE Grama. Un partido trepidante, donde en el minuto 77 la Fundaci\u00f3 consigui\u00f3 el empate a dos y en el minuto 80 lleg\u00f3 el definitivo 2-3. Uno de los mejores del partido fue el portero Juli que con 1-2 y el equipo pasando momentos de desconcierto \u00e9l consigui\u00f3 salvar a su equipo en varias ocasiones.<\/p>\n<p>Joan Fradera: \u00abContento y orgulloso del equipo, fuimos superiores futbol\u00edsticamente, pero el rival se impuso por fuerza y altura, los goles de ellos a bal\u00f3n parado.\u00bb<\/p>\n<p>&nbsp;<\/p>\n","protected":false},"excerpt":{"rendered":"<p>Els nois de Xavi Miralles i Joan Fradera van caure derrotats per un ajustat 2-3 al Nou Municipal davant el CF Santa Eul\u00e0lia C, tercer classificat de la lliga. Gran partit de futbol, entre un aspirant al ascens y la FE Grama.\u00a0Un partit trepidant, on al minut 77 \u00a0la Fundaci\u00f3 va aconseguir l&#8217;empat a dos [&hellip;]<\/p>\n","protected":false},"author":1,"featured_media":0,"comment_status":"closed","ping_status":"closed","sticky":false,"template":"","format":"standard","meta":{"footnotes":""},"categories":[4,7],"tags":[],"class_list":["post-15774","post","type-post","status-publish","format-standard","hentry","category-base-inclusiu","category-cadets"],"_links":{"self":[{"href":"http:\/\/fegrama.cat\/web\/wp-json\/wp\/v2\/posts\/15774","targetHints":{"allow":["GET"]}}],"collection":[{"href":"http:\/\/fegrama.cat\/web\/wp-json\/wp\/v2\/posts"}],"about":[{"href":"http:\/\/fegrama.cat\/web\/wp-json\/wp\/v2\/types\/post"}],"author":[{"embeddable":true,"href":"http:\/\/fegrama.cat\/web\/wp-json\/wp\/v2\/users\/1"}],"replies":[{"embeddable":true,"href":"http:\/\/fegrama.cat\/web\/wp-json\/wp\/v2\/comments?post=15774"}],"version-history":[{"count":1,"href":"http:\/\/fegrama.cat\/web\/wp-json\/wp\/v2\/posts\/15774\/revisions"}],"predecessor-version":[{"id":15776,"href":"http:\/\/fegrama.cat\/web\/wp-json\/wp\/v2\/posts\/15774\/revisions\/15776"}],"wp:attachment":[{"href":"http:\/\/fegrama.cat\/web\/wp-json\/wp\/v2\/media?parent=15774"}],"wp:term":[{"taxonomy":"category","embeddable":true,"href":"http:\/\/fegrama.cat\/web\/wp-json\/wp\/v2\/categories?post=15774"},{"taxonomy":"post_tag","embeddable":true,"href":"http:\/\/fegrama.cat\/web\/wp-json\/wp\/v2\/tags?post=15774"}],"curies":[{"name":"wp","href":"https:\/\/api.w.org\/{rel}","templated":true}]}}