{"id":15727,"date":"2016-03-20T18:13:22","date_gmt":"2016-03-20T17:13:22","guid":{"rendered":"http:\/\/fegrama.cat\/web\/?p=15727"},"modified":"2016-03-20T18:13:22","modified_gmt":"2016-03-20T17:13:22","slug":"el-juvenil-b-va-caure-a-can-zam","status":"publish","type":"post","link":"http:\/\/fegrama.cat\/web\/el-juvenil-b-va-caure-a-can-zam\/","title":{"rendered":"El Juvenil B va caure a Can Zam"},"content":{"rendered":"<p>Dissabte al Municipal Can Zam-1 el derbi se&#8217;l va emportar el CD Arrabal-Calaf de Gramenet davant el Juvenil B de la FE Grama que perd el segon lloc de la lliga i el tercer es posa en perill.<\/p>\n<p>Gran partit amb molts gols, un derbi espectacular que malauradament va acabar amb derrota de la Fundaci\u00f3. Al minut quatre Francisco Javier va avan\u00e7ar a la Grama i en el quinze arribava el 0-2, obra de Joel Jarque. Els visitants dominaven i jugaven molt b\u00e9, tant que a la segona meitat per mitj\u00e0 de Francisco Javier es van posar amb tres gols d&#8217;avantatge.<\/p>\n<p>Despr\u00e9s de 60 minuts molt bons els visitants es van anar del partit, i els locals van anar veient poc a poc que podrien treure punts. Al 62, al 70, al 80 i al 90 van aconseguir els quatre gols que van donar la vict\u00f2ria a l&#8217;Arrabal.<\/p>\n<p><a href=\"http:\/\/fegrama.cat\/web\/wp-content\/uploads\/2013\/12\/DSC1806.jpg\"><img loading=\"lazy\" decoding=\"async\" class=\"aligncenter\" alt=\"Juvenil B 1516\" src=\"http:\/\/fegrama.cat\/web\/wp-content\/uploads\/2013\/12\/DSC1806-1024x664.jpg\" width=\"618\" height=\"400\" \/><\/a><\/p>\n<p>El s\u00e1bado en el Municipal Can Zam-1 el derbi se lo llev\u00f3 el CD Arrabal-Calaf de Gramenet ante el Juvenil B de la FE Grama que pierde segundo puesto de la liga y el tercero se pone en peligro.<\/p>\n<p>Partidazo con muchos goles, un derbi espectacular que desgraciadamente acab\u00f3 con derrota de la Fundaci\u00f3. En el minuto cuatro Francisco Javier adelant\u00f3 a la Grama y en el quince llegaba el 0-2, obra de Joel Jarque. Los visitantes dominaban y jugaban muy bien, tanto que en la segunda mitad por medio de Francisco Javier se pusieron con tres goles de ventaja.<\/p>\n<p>Tras 60 minutos muy buenos los visitantes se fueron del partido, y los locales fueron viendo poco a poco que podr\u00edan sacar puntos. En el 62, en el 70, en el 80 y en el 90 consiguieron los cuatro goles que dieron la victoria al Arrabal.<\/p>\n","protected":false},"excerpt":{"rendered":"<p>Dissabte al Municipal Can Zam-1 el derbi se&#8217;l va emportar el CD Arrabal-Calaf de Gramenet davant el Juvenil B de la FE Grama que perd el segon lloc de la lliga i el tercer es posa en perill. Gran partit amb molts gols, un derbi espectacular que malauradament va acabar amb derrota de la Fundaci\u00f3. [&hellip;]<\/p>\n","protected":false},"author":1,"featured_media":14875,"comment_status":"closed","ping_status":"closed","sticky":false,"template":"","format":"standard","meta":{"footnotes":""},"categories":[4,6],"tags":[],"class_list":["post-15727","post","type-post","status-publish","format-standard","has-post-thumbnail","hentry","category-base-inclusiu","category-juvenils"],"_links":{"self":[{"href":"http:\/\/fegrama.cat\/web\/wp-json\/wp\/v2\/posts\/15727","targetHints":{"allow":["GET"]}}],"collection":[{"href":"http:\/\/fegrama.cat\/web\/wp-json\/wp\/v2\/posts"}],"about":[{"href":"http:\/\/fegrama.cat\/web\/wp-json\/wp\/v2\/types\/post"}],"author":[{"embeddable":true,"href":"http:\/\/fegrama.cat\/web\/wp-json\/wp\/v2\/users\/1"}],"replies":[{"embeddable":true,"href":"http:\/\/fegrama.cat\/web\/wp-json\/wp\/v2\/comments?post=15727"}],"version-history":[{"count":1,"href":"http:\/\/fegrama.cat\/web\/wp-json\/wp\/v2\/posts\/15727\/revisions"}],"predecessor-version":[{"id":15728,"href":"http:\/\/fegrama.cat\/web\/wp-json\/wp\/v2\/posts\/15727\/revisions\/15728"}],"wp:featuredmedia":[{"embeddable":true,"href":"http:\/\/fegrama.cat\/web\/wp-json\/wp\/v2\/media\/14875"}],"wp:attachment":[{"href":"http:\/\/fegrama.cat\/web\/wp-json\/wp\/v2\/media?parent=15727"}],"wp:term":[{"taxonomy":"category","embeddable":true,"href":"http:\/\/fegrama.cat\/web\/wp-json\/wp\/v2\/categories?post=15727"},{"taxonomy":"post_tag","embeddable":true,"href":"http:\/\/fegrama.cat\/web\/wp-json\/wp\/v2\/tags?post=15727"}],"curies":[{"name":"wp","href":"https:\/\/api.w.org\/{rel}","templated":true}]}}