{"id":15462,"date":"2016-03-06T13:20:17","date_gmt":"2016-03-06T12:20:17","guid":{"rendered":"http:\/\/fegrama.cat\/web\/?p=15462"},"modified":"2016-03-06T13:20:17","modified_gmt":"2016-03-06T12:20:17","slug":"una-jugada-final-va-derrotar-al-benjami-a","status":"publish","type":"post","link":"http:\/\/fegrama.cat\/web\/una-jugada-final-va-derrotar-al-benjami-a\/","title":{"rendered":"Una jugada final va derrotar al Benjam\u00ed A"},"content":{"rendered":"<p>El diumenge al mat\u00ed al Nou Municipal els nois de V\u00edctor D\u00edaz van perdre davant el CF Unificaci\u00f3n Llefi\u00e0.<\/p>\n<p>Els colomencs van dominar el partit com gaireb\u00e9 sempre per\u00f2 aquesta vegada els va faltar una mica d&#8217;intensitat en les pilotes dividides una cosa que els acabaria costant encaixar dos gols r\u00e0pids per part del rival (minuts 3 i 8). Els locals van haver d&#8217;anar a remolc i amb moltes presses, i amb un gol de Fares es van acostar al marcador.<\/p>\n<p>De nou la Llefi\u00e0 va marcar gol, l&#8217;1-3, per\u00f2 amb dos gols de Marcos Su\u00e1rez van empatar el partit els nois de la Fundaci\u00f3. Malauradament gaireb\u00e9 al final en una jugada en la qual va faltar enteniment els visitants van marcar el definitiu 3-4.<\/p>\n<p><a href=\"http:\/\/fegrama.cat\/web\/wp-content\/uploads\/2013\/12\/DSC1889.jpg\"><img loading=\"lazy\" decoding=\"async\" class=\"aligncenter\" alt=\"Benjam\u00ed A 1516\" src=\"http:\/\/fegrama.cat\/web\/wp-content\/uploads\/2013\/12\/DSC1889-1024x664.jpg\" width=\"618\" height=\"400\" \/><\/a><\/p>\n<p>El domingo por la ma\u00f1ana en el Nou Municipal los chicos de V\u00edctor D\u00edaz perdieron ante el CF Unificaci\u00f3n Llefi\u00e0.<\/p>\n<p>Los colomenses dominaron el partido como casi siempre pero esta vez les falt\u00f3 un poco de intensidad en los balones divididos algo que les acabar\u00eda costando encajar dos goles r\u00e1pidos por parte del rival (minutos 3 y 8). Los locales tuvieron que ir a remolque y con muchas prisas, y con un gol de Fares se acercaron en el marcador.<\/p>\n<p>De nuevo la Llefi\u00e0 marc\u00f3 gol, el 1-3, pero con dos goles de Marcos Su\u00e1rez empataron el partido los chicos de la Fundaci\u00f3. Desgraciadamente casi al final en una jugada en la que falt\u00f3 entendimiento los visitantes marcaron el definitivo 3-4.<\/p>\n","protected":false},"excerpt":{"rendered":"<p>El diumenge al mat\u00ed al Nou Municipal els nois de V\u00edctor D\u00edaz van perdre davant el CF Unificaci\u00f3n Llefi\u00e0. Els colomencs van dominar el partit com gaireb\u00e9 sempre per\u00f2 aquesta vegada els va faltar una mica d&#8217;intensitat en les pilotes dividides una cosa que els acabaria costant encaixar dos gols r\u00e0pids per part del rival [&hellip;]<\/p>\n","protected":false},"author":1,"featured_media":14910,"comment_status":"closed","ping_status":"closed","sticky":false,"template":"","format":"standard","meta":{"footnotes":""},"categories":[4,11],"tags":[],"class_list":["post-15462","post","type-post","status-publish","format-standard","has-post-thumbnail","hentry","category-base-inclusiu","category-benjamins"],"_links":{"self":[{"href":"http:\/\/fegrama.cat\/web\/wp-json\/wp\/v2\/posts\/15462","targetHints":{"allow":["GET"]}}],"collection":[{"href":"http:\/\/fegrama.cat\/web\/wp-json\/wp\/v2\/posts"}],"about":[{"href":"http:\/\/fegrama.cat\/web\/wp-json\/wp\/v2\/types\/post"}],"author":[{"embeddable":true,"href":"http:\/\/fegrama.cat\/web\/wp-json\/wp\/v2\/users\/1"}],"replies":[{"embeddable":true,"href":"http:\/\/fegrama.cat\/web\/wp-json\/wp\/v2\/comments?post=15462"}],"version-history":[{"count":1,"href":"http:\/\/fegrama.cat\/web\/wp-json\/wp\/v2\/posts\/15462\/revisions"}],"predecessor-version":[{"id":15463,"href":"http:\/\/fegrama.cat\/web\/wp-json\/wp\/v2\/posts\/15462\/revisions\/15463"}],"wp:featuredmedia":[{"embeddable":true,"href":"http:\/\/fegrama.cat\/web\/wp-json\/wp\/v2\/media\/14910"}],"wp:attachment":[{"href":"http:\/\/fegrama.cat\/web\/wp-json\/wp\/v2\/media?parent=15462"}],"wp:term":[{"taxonomy":"category","embeddable":true,"href":"http:\/\/fegrama.cat\/web\/wp-json\/wp\/v2\/categories?post=15462"},{"taxonomy":"post_tag","embeddable":true,"href":"http:\/\/fegrama.cat\/web\/wp-json\/wp\/v2\/tags?post=15462"}],"curies":[{"name":"wp","href":"https:\/\/api.w.org\/{rel}","templated":true}]}}