{"id":15450,"date":"2016-03-06T13:00:31","date_gmt":"2016-03-06T12:00:31","guid":{"rendered":"http:\/\/fegrama.cat\/web\/?p=15450"},"modified":"2016-03-06T13:00:31","modified_gmt":"2016-03-06T12:00:31","slug":"victoria-del-juvenil-b-al-nou-municipal","status":"publish","type":"post","link":"http:\/\/fegrama.cat\/web\/victoria-del-juvenil-b-al-nou-municipal\/","title":{"rendered":"Vict\u00f2ria del Juvenil B al Nou Municipal"},"content":{"rendered":"<p>Ad\u00e9u a la mala ratxa, l&#8217;equip dirigit per Javier Murillo torna al cam\u00ed de les vict\u00f2ries per seguir molt ficats en la lluita pel campionat de lliga. Vict\u00f2ria 3-0 davant un rival complicat, el CF Bufal\u00e0.<\/p>\n<p>Partit molt ben treballat per part dels colomencs, a la mitja part van marxar amb un ajustat 1-0, obra de Marcos Sevilla. Despr\u00e9s d&#8217;un gran primer temps van comen\u00e7ar el segon adormits, tant que fins i tot van cometre un penal que hauria pogut canviar el rumb del partit per\u00f2 per sort el porter evitava el 1-1.<\/p>\n<p>Despr\u00e9s de l&#8217;ensurt l&#8217;equip va millorar i va tancar el partit amb dos contraatacs, dos gols de Daniel Bryan. Vict\u00f2ria important abans d&#8217;enfrontar-se al l\u00edder de la lliga.<\/p>\n<p><a href=\"http:\/\/fegrama.cat\/web\/wp-content\/uploads\/2013\/12\/DSC1806.jpg\"><img loading=\"lazy\" decoding=\"async\" class=\"aligncenter\" alt=\"Juvenil B 1516\" src=\"http:\/\/fegrama.cat\/web\/wp-content\/uploads\/2013\/12\/DSC1806-1024x664.jpg\" width=\"618\" height=\"400\" \/><\/a><\/p>\n<p>Adi\u00f3s a la mala racha, el equipo dirigido por Javier Murillo vuelve a la senda de las victorias para seguir muy metidos en la lucha por el campeonato de liga. Victoria 3-0 ante un rival complicado, el CF Bufal\u00e0.<\/p>\n<p>Partido muy bien trabajado por parte de los colomenses, a la media parte se marcharon con un ajustado 1-0, obra de Marcos Sevilla. Tras un gran primer tiempo empezaron el segundo dormidos, tanto que incluso cometieron un penalti que pudo cambiar el rumbo del partido pero por suerte el portero evitaba el 1-1.<\/p>\n<p>Tras el susto el equipo mejor\u00f3 y cerr\u00f3 el partido con dos contraataques, dos goles de Daniel Bryan. \u00a0Victoria importante antes de enfrentarse al l\u00edder de la liga.<\/p>\n","protected":false},"excerpt":{"rendered":"<p>Ad\u00e9u a la mala ratxa, l&#8217;equip dirigit per Javier Murillo torna al cam\u00ed de les vict\u00f2ries per seguir molt ficats en la lluita pel campionat de lliga. Vict\u00f2ria 3-0 davant un rival complicat, el CF Bufal\u00e0. Partit molt ben treballat per part dels colomencs, a la mitja part van marxar amb un ajustat 1-0, obra [&hellip;]<\/p>\n","protected":false},"author":1,"featured_media":14875,"comment_status":"closed","ping_status":"closed","sticky":false,"template":"","format":"standard","meta":{"footnotes":""},"categories":[4,6],"tags":[],"class_list":["post-15450","post","type-post","status-publish","format-standard","has-post-thumbnail","hentry","category-base-inclusiu","category-juvenils"],"_links":{"self":[{"href":"http:\/\/fegrama.cat\/web\/wp-json\/wp\/v2\/posts\/15450","targetHints":{"allow":["GET"]}}],"collection":[{"href":"http:\/\/fegrama.cat\/web\/wp-json\/wp\/v2\/posts"}],"about":[{"href":"http:\/\/fegrama.cat\/web\/wp-json\/wp\/v2\/types\/post"}],"author":[{"embeddable":true,"href":"http:\/\/fegrama.cat\/web\/wp-json\/wp\/v2\/users\/1"}],"replies":[{"embeddable":true,"href":"http:\/\/fegrama.cat\/web\/wp-json\/wp\/v2\/comments?post=15450"}],"version-history":[{"count":1,"href":"http:\/\/fegrama.cat\/web\/wp-json\/wp\/v2\/posts\/15450\/revisions"}],"predecessor-version":[{"id":15451,"href":"http:\/\/fegrama.cat\/web\/wp-json\/wp\/v2\/posts\/15450\/revisions\/15451"}],"wp:featuredmedia":[{"embeddable":true,"href":"http:\/\/fegrama.cat\/web\/wp-json\/wp\/v2\/media\/14875"}],"wp:attachment":[{"href":"http:\/\/fegrama.cat\/web\/wp-json\/wp\/v2\/media?parent=15450"}],"wp:term":[{"taxonomy":"category","embeddable":true,"href":"http:\/\/fegrama.cat\/web\/wp-json\/wp\/v2\/categories?post=15450"},{"taxonomy":"post_tag","embeddable":true,"href":"http:\/\/fegrama.cat\/web\/wp-json\/wp\/v2\/tags?post=15450"}],"curies":[{"name":"wp","href":"https:\/\/api.w.org\/{rel}","templated":true}]}}