{"id":15448,"date":"2016-03-06T12:07:06","date_gmt":"2016-03-06T11:07:06","guid":{"rendered":"http:\/\/fegrama.cat\/web\/?p=15448"},"modified":"2016-03-06T12:07:06","modified_gmt":"2016-03-06T11:07:06","slug":"el-cadet-d-va-guanyar-a-llars-mundet","status":"publish","type":"post","link":"http:\/\/fegrama.cat\/web\/el-cadet-d-va-guanyar-a-llars-mundet\/","title":{"rendered":"El Cadet D va guanyar a Llars Mundet"},"content":{"rendered":"<p>El Cadet D va aconseguir sumar la vict\u00f2ria n\u00famero 18 en 18 partits de lliga jugats. Aquest cop van guanyar 2-4 a Llars Mundet a la UB Catalonia D, set\u00e8 classificat.<\/p>\n<p>Primera part molt equilibrada en qu\u00e8 els locals van tenir moltes m\u00e9s ocasions. En el primer minut de joc els locals es van avan\u00e7ar al marcador, van poder haver marcat algun gol m\u00e9s per\u00f2 van desaprofitar les seves ocasions a pilota aturada. I els colomencs en les poques jugades que van tenir van aconseguir donar-li la volta al marcador amb gols de Rub\u00e9n Jim\u00e9nez i Carlos Gonzalo.<\/p>\n<p>Just abans del descans els locals van empatar el partit (2-2). I en el segon temps la Grama va millorar molt aconseguint tenir el control del partit i aprofitar les seves ocasions per aconseguir una gran i merescuda vict\u00f2ria. Dos gols m\u00e9s de Carlos Gonzalo van donar la vict\u00f2ria al seu equip.<\/p>\n<p><a href=\"http:\/\/fegrama.cat\/web\/wp-content\/uploads\/2013\/12\/DSC1826.jpg\"><img loading=\"lazy\" decoding=\"async\" class=\"aligncenter\" alt=\"Cadet D 1516\" src=\"http:\/\/fegrama.cat\/web\/wp-content\/uploads\/2013\/12\/DSC1826-1024x664.jpg\" width=\"618\" height=\"400\" \/><\/a><\/p>\n<p>El Cadete D consigui\u00f3 sumar la victoria n\u00famero 18 en 18 partidos de liga jugados. Esta vez ganaron 2-4 en Llars Mundet a la\u00a0UB Catalonia D, s\u00e9ptimo clasificado.<\/p>\n<p>Primera parte muy equilibrada en la que los locales tuvieron muchas m\u00e1s ocasiones. En el primer minuto de juego los locales se adelantaron en el marcador, pudieron haber marcado alg\u00fan gol m\u00e1s pero desaprovecharon sus ocasiones a bal\u00f3n parado. Y los colomenses en las pocas jugadas que tuvieron consiguieron darle la vuelta al marcador con goles de Rub\u00e9n Jim\u00e9nez y Carlos Gonzalo.<\/p>\n<p>Justo antes del descanso los locales empataron el partido (2-2). Y en el segundo tiempo la Grama mejor\u00f3 mucho consiguiendo tener el control del partido y aprovechar sus ocasiones para conseguir una gran y merecida victoria. Dos goles m\u00e1s de Carlos Gonzalo dieron la victoria a su equipo.<\/p>\n","protected":false},"excerpt":{"rendered":"<p>El Cadet D va aconseguir sumar la vict\u00f2ria n\u00famero 18 en 18 partits de lliga jugats. Aquest cop van guanyar 2-4 a Llars Mundet a la UB Catalonia D, set\u00e8 classificat. Primera part molt equilibrada en qu\u00e8 els locals van tenir moltes m\u00e9s ocasions. En el primer minut de joc els locals es van avan\u00e7ar [&hellip;]<\/p>\n","protected":false},"author":1,"featured_media":14881,"comment_status":"closed","ping_status":"closed","sticky":false,"template":"","format":"standard","meta":{"footnotes":""},"categories":[4,7],"tags":[],"class_list":["post-15448","post","type-post","status-publish","format-standard","has-post-thumbnail","hentry","category-base-inclusiu","category-cadets"],"_links":{"self":[{"href":"http:\/\/fegrama.cat\/web\/wp-json\/wp\/v2\/posts\/15448","targetHints":{"allow":["GET"]}}],"collection":[{"href":"http:\/\/fegrama.cat\/web\/wp-json\/wp\/v2\/posts"}],"about":[{"href":"http:\/\/fegrama.cat\/web\/wp-json\/wp\/v2\/types\/post"}],"author":[{"embeddable":true,"href":"http:\/\/fegrama.cat\/web\/wp-json\/wp\/v2\/users\/1"}],"replies":[{"embeddable":true,"href":"http:\/\/fegrama.cat\/web\/wp-json\/wp\/v2\/comments?post=15448"}],"version-history":[{"count":1,"href":"http:\/\/fegrama.cat\/web\/wp-json\/wp\/v2\/posts\/15448\/revisions"}],"predecessor-version":[{"id":15449,"href":"http:\/\/fegrama.cat\/web\/wp-json\/wp\/v2\/posts\/15448\/revisions\/15449"}],"wp:featuredmedia":[{"embeddable":true,"href":"http:\/\/fegrama.cat\/web\/wp-json\/wp\/v2\/media\/14881"}],"wp:attachment":[{"href":"http:\/\/fegrama.cat\/web\/wp-json\/wp\/v2\/media?parent=15448"}],"wp:term":[{"taxonomy":"category","embeddable":true,"href":"http:\/\/fegrama.cat\/web\/wp-json\/wp\/v2\/categories?post=15448"},{"taxonomy":"post_tag","embeddable":true,"href":"http:\/\/fegrama.cat\/web\/wp-json\/wp\/v2\/tags?post=15448"}],"curies":[{"name":"wp","href":"https:\/\/api.w.org\/{rel}","templated":true}]}}