{"id":15445,"date":"2016-03-06T12:43:30","date_gmt":"2016-03-06T11:43:30","guid":{"rendered":"http:\/\/fegrama.cat\/web\/?p=15445"},"modified":"2016-03-06T12:43:30","modified_gmt":"2016-03-06T11:43:30","slug":"el-benjami-b-no-va-poder-contra-el-lider","status":"publish","type":"post","link":"http:\/\/fegrama.cat\/web\/el-benjami-b-no-va-poder-contra-el-lider\/","title":{"rendered":"El Benjam\u00ed B no va poder contra el l\u00edder"},"content":{"rendered":"<p>Els jugadors ara entrenats per Dani Molina no van poder donar la sorpresa davant la FP CE J\u00fapiter, l\u00edder invicte de la lliga<\/p>\n<p>L&#8217;equip m\u00e9s golejador i menys golejat de la lliga trepitjava el Nou Municipal amb la intenci\u00f3 de seguir amb el seu ple de vict\u00f2ries i desgraciadament ho van aconseguir. Els colomencs li van posar les coses molt complicades al seu rival, van lluitar en tot moment per no deixar pensar al J\u00fapiter.<\/p>\n<p>Els visitants no van poder avan\u00e7ar-se al marcador fins al minut 34, i l&#8217;alegria els duraria tres minuts que va ser el que va trigar Vicenzo a empatar. Finalment el bloc de Barcelona acabaria imposant-se amb dos gols m\u00e9s (1-3).<\/p>\n<p><a href=\"http:\/\/fegrama.cat\/web\/wp-content\/uploads\/2013\/12\/DSC1893.jpg\"><img loading=\"lazy\" decoding=\"async\" class=\"aligncenter\" alt=\"Benjam\u00ed B 1516\" src=\"http:\/\/fegrama.cat\/web\/wp-content\/uploads\/2013\/12\/DSC1893-1024x664.jpg\" width=\"618\" height=\"400\" \/><\/a><\/p>\n<p>Los jugadores ahora entrenados por Dani Molina no pudieron dar la sorpresa ante la FP CE J\u00fapiter, l\u00edder invicto de la liga<\/p>\n<p>El equipo m\u00e1s goleador y menos goleado de la liga pisaba el Nou Municipal con la intenci\u00f3n de seguir con su pleno de victorias y desgraciadamente lo consiguieron. Los colomenses le pusieron las cosas muy complicadas a su rival, lucharon en todo momento para no dejar pensar al J\u00fapiter.<\/p>\n<p>Los visitantes no pudieron adelantarse en el marcador hasta el minuto 34, y la alegr\u00eda les durar\u00eda tres minutos que fue lo que tard\u00f3 Vicenzo en empatar. Finalmente el bloque de Barcelona acabar\u00eda imponi\u00e9ndose con dos goles m\u00e1s (1-3).<\/p>\n<p>&nbsp;<\/p>\n","protected":false},"excerpt":{"rendered":"<p>Els jugadors ara entrenats per Dani Molina no van poder donar la sorpresa davant la FP CE J\u00fapiter, l\u00edder invicte de la lliga L&#8217;equip m\u00e9s golejador i menys golejat de la lliga trepitjava el Nou Municipal amb la intenci\u00f3 de seguir amb el seu ple de vict\u00f2ries i desgraciadament ho van aconseguir. Els colomencs li [&hellip;]<\/p>\n","protected":false},"author":1,"featured_media":14913,"comment_status":"closed","ping_status":"closed","sticky":false,"template":"","format":"standard","meta":{"footnotes":""},"categories":[4,11],"tags":[],"class_list":["post-15445","post","type-post","status-publish","format-standard","has-post-thumbnail","hentry","category-base-inclusiu","category-benjamins"],"_links":{"self":[{"href":"http:\/\/fegrama.cat\/web\/wp-json\/wp\/v2\/posts\/15445","targetHints":{"allow":["GET"]}}],"collection":[{"href":"http:\/\/fegrama.cat\/web\/wp-json\/wp\/v2\/posts"}],"about":[{"href":"http:\/\/fegrama.cat\/web\/wp-json\/wp\/v2\/types\/post"}],"author":[{"embeddable":true,"href":"http:\/\/fegrama.cat\/web\/wp-json\/wp\/v2\/users\/1"}],"replies":[{"embeddable":true,"href":"http:\/\/fegrama.cat\/web\/wp-json\/wp\/v2\/comments?post=15445"}],"version-history":[{"count":1,"href":"http:\/\/fegrama.cat\/web\/wp-json\/wp\/v2\/posts\/15445\/revisions"}],"predecessor-version":[{"id":15446,"href":"http:\/\/fegrama.cat\/web\/wp-json\/wp\/v2\/posts\/15445\/revisions\/15446"}],"wp:featuredmedia":[{"embeddable":true,"href":"http:\/\/fegrama.cat\/web\/wp-json\/wp\/v2\/media\/14913"}],"wp:attachment":[{"href":"http:\/\/fegrama.cat\/web\/wp-json\/wp\/v2\/media?parent=15445"}],"wp:term":[{"taxonomy":"category","embeddable":true,"href":"http:\/\/fegrama.cat\/web\/wp-json\/wp\/v2\/categories?post=15445"},{"taxonomy":"post_tag","embeddable":true,"href":"http:\/\/fegrama.cat\/web\/wp-json\/wp\/v2\/tags?post=15445"}],"curies":[{"name":"wp","href":"https:\/\/api.w.org\/{rel}","templated":true}]}}