{"id":15442,"date":"2016-03-06T11:37:41","date_gmt":"2016-03-06T10:37:41","guid":{"rendered":"http:\/\/fegrama.cat\/web\/?p=15442"},"modified":"2016-03-06T11:37:41","modified_gmt":"2016-03-06T10:37:41","slug":"el-benjami-f-va-caure-contra-la-pb-barcino","status":"publish","type":"post","link":"http:\/\/fegrama.cat\/web\/el-benjami-f-va-caure-contra-la-pb-barcino\/","title":{"rendered":"El Benjam\u00ed F va caure contra la PB Barcino"},"content":{"rendered":"<p>Diumenge el Benjam\u00ed F no va poder treure punts del Municipal Menorca-Sant Mart\u00ed Proven\u00e7al davant un complicat CE Penya Barcelonista Barcino D.<\/p>\n<p>Dos gols molt matiners van ser impossible de remuntar per l&#8217;equip dirigit per Aaron Olivares i Johan Steve. En els minuts 3 i 4 els locals posaven un 2-0 al marcador, tot i aix\u00f2 els visitants van lluitar i abans del final del primer quart Aleix retallava dist\u00e0ncies. En el segon quart vam tenir molta igualtat per\u00f2 desgraciadament els locals marcaven abans del descans el 3-1.<\/p>\n<p>Ja en la segona meitat va ser impossible retallar dist\u00e0ncies, van lluitar molt per\u00f2 al final el marcador acabaria en un 4-1.<\/p>\n<p><a href=\"http:\/\/fegrama.cat\/web\/wp-content\/uploads\/2013\/12\/DSC1906.jpg\"><img loading=\"lazy\" decoding=\"async\" class=\"aligncenter\" alt=\"Benjam\u00ed F 1516\" src=\"http:\/\/fegrama.cat\/web\/wp-content\/uploads\/2013\/12\/DSC1906-1024x664.jpg\" width=\"618\" height=\"400\" \/><\/a><\/p>\n<div>El domingo el Benjam\u00edn F no pudo sacar puntos del Municipal Menorca-Sant Mart\u00ed Proven\u00e7al ante un complicado CE Penya Barcelonista Barcino D.<\/div>\n<div><\/div>\n<div>Dos goles muy tempraneros fueron imposible de remontar para el equipo dirigido por Aaron Olivares y Johan Steve. En los minutos 3 y 4 los locales pon\u00edan un 2-0 en el marcador, pese a eso los visitantes lucharon y antes del final del primer cuarto Aleix recortaba distancias. En el segundo cuarto tuvimos mucha igualdad pero desgraciadamente los locales marcaban antes del descanso el 3-1.<\/div>\n<div><\/div>\n<div>Ya en la segunda mitad fue imposible recortar distancias, lucharon mucho pero al final el marcador acabar\u00eda en un 4-1.<\/div>\n","protected":false},"excerpt":{"rendered":"<p>Diumenge el Benjam\u00ed F no va poder treure punts del Municipal Menorca-Sant Mart\u00ed Proven\u00e7al davant un complicat CE Penya Barcelonista Barcino D. Dos gols molt matiners van ser impossible de remuntar per l&#8217;equip dirigit per Aaron Olivares i Johan Steve. En els minuts 3 i 4 els locals posaven un 2-0 al marcador, tot i [&hellip;]<\/p>\n","protected":false},"author":1,"featured_media":14920,"comment_status":"closed","ping_status":"closed","sticky":false,"template":"","format":"standard","meta":{"footnotes":""},"categories":[4,11],"tags":[],"class_list":["post-15442","post","type-post","status-publish","format-standard","has-post-thumbnail","hentry","category-base-inclusiu","category-benjamins"],"_links":{"self":[{"href":"http:\/\/fegrama.cat\/web\/wp-json\/wp\/v2\/posts\/15442","targetHints":{"allow":["GET"]}}],"collection":[{"href":"http:\/\/fegrama.cat\/web\/wp-json\/wp\/v2\/posts"}],"about":[{"href":"http:\/\/fegrama.cat\/web\/wp-json\/wp\/v2\/types\/post"}],"author":[{"embeddable":true,"href":"http:\/\/fegrama.cat\/web\/wp-json\/wp\/v2\/users\/1"}],"replies":[{"embeddable":true,"href":"http:\/\/fegrama.cat\/web\/wp-json\/wp\/v2\/comments?post=15442"}],"version-history":[{"count":1,"href":"http:\/\/fegrama.cat\/web\/wp-json\/wp\/v2\/posts\/15442\/revisions"}],"predecessor-version":[{"id":15443,"href":"http:\/\/fegrama.cat\/web\/wp-json\/wp\/v2\/posts\/15442\/revisions\/15443"}],"wp:featuredmedia":[{"embeddable":true,"href":"http:\/\/fegrama.cat\/web\/wp-json\/wp\/v2\/media\/14920"}],"wp:attachment":[{"href":"http:\/\/fegrama.cat\/web\/wp-json\/wp\/v2\/media?parent=15442"}],"wp:term":[{"taxonomy":"category","embeddable":true,"href":"http:\/\/fegrama.cat\/web\/wp-json\/wp\/v2\/categories?post=15442"},{"taxonomy":"post_tag","embeddable":true,"href":"http:\/\/fegrama.cat\/web\/wp-json\/wp\/v2\/tags?post=15442"}],"curies":[{"name":"wp","href":"https:\/\/api.w.org\/{rel}","templated":true}]}}