{"id":15440,"date":"2016-03-06T11:22:03","date_gmt":"2016-03-06T10:22:03","guid":{"rendered":"http:\/\/fegrama.cat\/web\/?p=15440"},"modified":"2016-03-06T11:22:03","modified_gmt":"2016-03-06T10:22:03","slug":"lalevi-g-va-golejar-a-la-stoitchkov","status":"publish","type":"post","link":"http:\/\/fegrama.cat\/web\/lalevi-g-va-golejar-a-la-stoitchkov\/","title":{"rendered":"L&#8217;Alev\u00ed G va golejar a la Stoitchkov"},"content":{"rendered":"<p>L&#8217;Alev\u00ed G va golejar amb molta comoditat a l&#8217;Stoitchkov Barcelona C al Municipal Nou Taxonera per un escandal\u00f3s 0-14.<\/p>\n<p>Des del xiulet inicial els colomencs van tancar al seu rival al seu camp. Els nois de Marc Ten no van tenir rival en cap moment, van dominar sempre la pilota i van jugar molt b\u00e9 tot el partit. Control total del partit, de principi a fi.<\/p>\n<p>Al final del primer quart el marcador era de 0-5 amb dos gols d&#8217;Isaac Vega, i un d&#8217;Alejandro Rebollo, Alejandro Garc\u00eda i Javier S\u00e1nchez. Al descans van marxar amb avantatge de nou gr\u00e0cies als gols d&#8217;Alejandro Rebollo per partida doble, Javier S\u00e1nchez i Mehdi. A la segona meitat van tancar la golejada amb dos gols d&#8217;Alejandro Garc\u00eda, i un m\u00e9s de Javier S\u00e1nchez, Alejandro Rebollo i Isaac Vega.<\/p>\n<p><a href=\"http:\/\/fegrama.cat\/web\/wp-content\/uploads\/2013\/12\/DSC1872.jpg\"><img loading=\"lazy\" decoding=\"async\" class=\"aligncenter\" alt=\"Alev\u00ed G 1516\" src=\"http:\/\/fegrama.cat\/web\/wp-content\/uploads\/2013\/12\/DSC1872-1024x664.jpg\" width=\"618\" height=\"400\" \/><\/a><\/p>\n<p>El Alev\u00edn G gole\u00f3 con mucha comodidad a la Stoitchkov Barcelona C en el\u00a0Municipal Nou Taxonera por un escandaloso 0-14.<\/p>\n<p>Desde el pitido inicial los colomenses encerraron a su rival en su campo. Los chicos de Marc Ten no tuvieron rival en ning\u00fan momento, dominaron siempre la pelota y jugaron muy bien todo el encuentro. Control total del partido, de principio a fin.<\/p>\n<p>Al final del primer cuarto el marcador era de 0-5 con dos goles de Isaac Vega, y uno de Alejandro Rebollo, Alejandro Garc\u00eda y Javier S\u00e1nchez. Al descanso se marcharon con ventaja de nueve gracias a los goles de Alejandro Rebollo por partida doble, Javier S\u00e1nchez y Mehdi. En la segunda mitad cerraron la goleada con dos goles de Alejandro Garc\u00eda, y uno m\u00e1s de Javier S\u00e1nchez, Alejandro Rebollo e Isaac Vega.<\/p>\n","protected":false},"excerpt":{"rendered":"<p>L&#8217;Alev\u00ed G va golejar amb molta comoditat a l&#8217;Stoitchkov Barcelona C al Municipal Nou Taxonera per un escandal\u00f3s 0-14. Des del xiulet inicial els colomencs van tancar al seu rival al seu camp. Els nois de Marc Ten no van tenir rival en cap moment, van dominar sempre la pilota i van jugar molt b\u00e9 [&hellip;]<\/p>\n","protected":false},"author":1,"featured_media":14894,"comment_status":"closed","ping_status":"closed","sticky":false,"template":"","format":"standard","meta":{"footnotes":""},"categories":[10,4],"tags":[],"class_list":["post-15440","post","type-post","status-publish","format-standard","has-post-thumbnail","hentry","category-alevins","category-base-inclusiu"],"_links":{"self":[{"href":"http:\/\/fegrama.cat\/web\/wp-json\/wp\/v2\/posts\/15440","targetHints":{"allow":["GET"]}}],"collection":[{"href":"http:\/\/fegrama.cat\/web\/wp-json\/wp\/v2\/posts"}],"about":[{"href":"http:\/\/fegrama.cat\/web\/wp-json\/wp\/v2\/types\/post"}],"author":[{"embeddable":true,"href":"http:\/\/fegrama.cat\/web\/wp-json\/wp\/v2\/users\/1"}],"replies":[{"embeddable":true,"href":"http:\/\/fegrama.cat\/web\/wp-json\/wp\/v2\/comments?post=15440"}],"version-history":[{"count":1,"href":"http:\/\/fegrama.cat\/web\/wp-json\/wp\/v2\/posts\/15440\/revisions"}],"predecessor-version":[{"id":15441,"href":"http:\/\/fegrama.cat\/web\/wp-json\/wp\/v2\/posts\/15440\/revisions\/15441"}],"wp:featuredmedia":[{"embeddable":true,"href":"http:\/\/fegrama.cat\/web\/wp-json\/wp\/v2\/media\/14894"}],"wp:attachment":[{"href":"http:\/\/fegrama.cat\/web\/wp-json\/wp\/v2\/media?parent=15440"}],"wp:term":[{"taxonomy":"category","embeddable":true,"href":"http:\/\/fegrama.cat\/web\/wp-json\/wp\/v2\/categories?post=15440"},{"taxonomy":"post_tag","embeddable":true,"href":"http:\/\/fegrama.cat\/web\/wp-json\/wp\/v2\/tags?post=15440"}],"curies":[{"name":"wp","href":"https:\/\/api.w.org\/{rel}","templated":true}]}}