{"id":15436,"date":"2016-03-06T12:18:02","date_gmt":"2016-03-06T11:18:02","guid":{"rendered":"http:\/\/fegrama.cat\/web\/?p=15436"},"modified":"2016-03-06T12:18:02","modified_gmt":"2016-03-06T11:18:02","slug":"les-tres-escoles-van-guanyar-a-les-oliveres","status":"publish","type":"post","link":"http:\/\/fegrama.cat\/web\/les-tres-escoles-van-guanyar-a-les-oliveres\/","title":{"rendered":"Les tres escoles van guanyar a Les Oliveres"},"content":{"rendered":"<p><a href=\"http:\/\/fegrama.cat\/web\/wp-content\/uploads\/2013\/12\/DSC1933.jpg\"><img loading=\"lazy\" decoding=\"async\" class=\"aligncenter\" alt=\"Escuela A 1516\" src=\"http:\/\/fegrama.cat\/web\/wp-content\/uploads\/2013\/12\/DSC1933-1024x664.jpg\" width=\"618\" height=\"400\" \/><\/a><\/p>\n<p><strong>ESCOLA A 10-0 UE Sants<\/strong><\/p>\n<p>Bon partit des de l&#8217;inici de la Grama que gr\u00e0cies a un bon joc combinatiu va aconseguir una vict\u00f2ria c\u00f2moda davant el pen\u00faltim classificat. Bon partit per part de tot l&#8217;equip per seguir amb la bona din\u00e0mica de resultats i millora.<\/p>\n<p>Buen partido desde el inicio de la Grama que gracias a un buen juego combinativo logr\u00f3 una victoria c\u00f3moda ante el pen\u00faltimo clasificado. Buen partido por parte de todo el equipo para seguir con la buena din\u00e1mica de resultados y mejora.<\/p>\n<div><a href=\"http:\/\/fegrama.cat\/web\/wp-content\/uploads\/2013\/12\/DSC1938.jpg\"><img loading=\"lazy\" decoding=\"async\" class=\"aligncenter\" alt=\"Escola B 1516\" src=\"http:\/\/fegrama.cat\/web\/wp-content\/uploads\/2013\/12\/DSC1938-1024x664.jpg\" width=\"618\" height=\"400\" \/><\/a><\/div>\n<div><\/div>\n<div><strong>ESCUELA B 7-3 AE La Salut Pere Gol<\/strong><\/div>\n<p>Partit en el qual l&#8217;Escola de la Grama va sortir molt concentrada des del comen\u00e7ament i aix\u00f2 va fer que al descans el resultat fos de 6-0. Malgrat el resultat en la segona meitat el Pere Gol va millorar el seu joc i va retallar dist\u00e0ncies fins a col\u00b7locar-se 6-3 per\u00f2 donat al poc temps que quedava la vict\u00f2ria no perillava\u00a0i encara va arribar un gol m\u00e9s per part dels locals.<\/p>\n<p>Partido en el que la Escuela de la Grama sali\u00f3 muy concentrada desde el comienzo y esto hizo que al descanso el resultado fuera de 6-0. Pese al resultado en la segunda mitad el Pere Gol mejor\u00f3 su juego y recort\u00f3 distancias hasta colocarse 6-3 pero dado al poco tiempo que quedaba la victoria no peligraba y a\u00fan lleg\u00f3 un gol m\u00e1s por parte de los locales.<\/p>\n<div><a href=\"http:\/\/fegrama.cat\/web\/wp-content\/uploads\/2013\/12\/DSC1942.jpg\"><img loading=\"lazy\" decoding=\"async\" class=\"aligncenter\" alt=\"Escola C 1516\" src=\"http:\/\/fegrama.cat\/web\/wp-content\/uploads\/2013\/12\/DSC1942-1024x664.jpg\" width=\"618\" height=\"400\" \/><\/a><\/div>\n<div><\/div>\n<div><strong>ESCOLA C 5-2 CF Monta\u00f1esa B<\/strong><\/div>\n<p>Els nois de Xavi Elizalde van aconseguir una important vict\u00f2ria. Despr\u00e9s d&#8217;unes jornades molt dif\u00edcils l&#8217;equip va sumar tres punts que els permeten seguir en una molt bona l\u00ednia. Els colomencs van sortir des del minut 1 molt concentrats i en tots els quarts van estar perfectes. Els cinc gols del partit van ser de Ziad.<\/p>\n<p>Los chicos de\u00a0Xavi Elizalde consiguieron una importante victoria. Despu\u00e9s de unas jornadas muy dif\u00edciles el equipo sum\u00f3 tres puntos que les permiten seguir en una muy buena l\u00ednea. Los colomenses salieron desde el minuto 1 muy concentrados y en todos los cuartos estuvieron perfectos. Los cinco goles del partido fueron de Ziad.<\/p>\n","protected":false},"excerpt":{"rendered":"<p>ESCOLA A 10-0 UE Sants Bon partit des de l&#8217;inici de la Grama que gr\u00e0cies a un bon joc combinatiu va aconseguir una vict\u00f2ria c\u00f2moda davant el pen\u00faltim classificat. Bon partit per part de tot l&#8217;equip per seguir amb la bona din\u00e0mica de resultats i millora. Buen partido desde el inicio de la Grama que [&hellip;]<\/p>\n","protected":false},"author":1,"featured_media":0,"comment_status":"closed","ping_status":"closed","sticky":false,"template":"","format":"standard","meta":{"footnotes":""},"categories":[4,33],"tags":[24,802],"class_list":["post-15436","post","type-post","status-publish","format-standard","hentry","category-base-inclusiu","category-escola-diari-feg","tag-fundacio-esportiva-grama","tag-municipal-les-oliveres"],"_links":{"self":[{"href":"http:\/\/fegrama.cat\/web\/wp-json\/wp\/v2\/posts\/15436","targetHints":{"allow":["GET"]}}],"collection":[{"href":"http:\/\/fegrama.cat\/web\/wp-json\/wp\/v2\/posts"}],"about":[{"href":"http:\/\/fegrama.cat\/web\/wp-json\/wp\/v2\/types\/post"}],"author":[{"embeddable":true,"href":"http:\/\/fegrama.cat\/web\/wp-json\/wp\/v2\/users\/1"}],"replies":[{"embeddable":true,"href":"http:\/\/fegrama.cat\/web\/wp-json\/wp\/v2\/comments?post=15436"}],"version-history":[{"count":2,"href":"http:\/\/fegrama.cat\/web\/wp-json\/wp\/v2\/posts\/15436\/revisions"}],"predecessor-version":[{"id":15452,"href":"http:\/\/fegrama.cat\/web\/wp-json\/wp\/v2\/posts\/15436\/revisions\/15452"}],"wp:attachment":[{"href":"http:\/\/fegrama.cat\/web\/wp-json\/wp\/v2\/media?parent=15436"}],"wp:term":[{"taxonomy":"category","embeddable":true,"href":"http:\/\/fegrama.cat\/web\/wp-json\/wp\/v2\/categories?post=15436"},{"taxonomy":"post_tag","embeddable":true,"href":"http:\/\/fegrama.cat\/web\/wp-json\/wp\/v2\/tags?post=15436"}],"curies":[{"name":"wp","href":"https:\/\/api.w.org\/{rel}","templated":true}]}}