{"id":15419,"date":"2016-03-06T10:49:18","date_gmt":"2016-03-06T09:49:18","guid":{"rendered":"http:\/\/fegrama.cat\/web\/?p=15419"},"modified":"2016-03-06T10:49:18","modified_gmt":"2016-03-06T09:49:18","slug":"lalevi-h-va-empatar-a-turo-de-la-peira","status":"publish","type":"post","link":"http:\/\/fegrama.cat\/web\/lalevi-h-va-empatar-a-turo-de-la-peira\/","title":{"rendered":"L&#8217;Alev\u00ed H va empatar a Tur\u00f3 de la Peira"},"content":{"rendered":"<p>Els nois de Tizon Jos\u00e9 Mar\u00eda i Litri van empatar al camp del CCD Tur\u00f3 de la Peira C, pen\u00faltim classificat. L&#8217;Alev\u00ed H deixa enrere les tres derrotes seguides i suma un bon punt com a visitant.<\/p>\n<p>Match disputat i bastant esp\u00e8s. Els colomencs no van saber definir i encara que van estar per davant en el marcador gaireb\u00e9 tot el partit van acabar pagant la falta de punteria. Miguel \u00c1ngel Saiz amb dos gols va posar al seu equip amb avantatge de dos gols.<\/p>\n<p>A cinc minuts del descans vam viure\u00a0uns moments m\u00e0gics, els locals aconseguien marcar dos gols per empatar i just abans del xiulet de l&#8217;\u00e0rbitre Luis Atset marcava el 2-3. A la segona meitat la Grama va desaprofitar les seves ocasions, els van anul\u00b7lar un gol i quan faltaven vuit minuts per al final arribava el definitiu 3-3.<\/p>\n<p><img loading=\"lazy\" decoding=\"async\" class=\"aligncenter\" alt=\"Alev\u00ed H 1516\" src=\"http:\/\/fegrama.cat\/web\/wp-content\/uploads\/2013\/12\/DSC1875-1024x664.jpg\" width=\"618\" height=\"400\" \/><\/p>\n<p>Los chicos de Tizon Jos\u00e9 Mar\u00eda\u00a0\u00a0y Litri empataron en el campo del CCD Tur\u00f3 de la Peira C, pen\u00faltimo clasificado. El Alev\u00edn H deja atr\u00e1s las tres derrotas seguidas y suma un buen punto como visitante.<\/p>\n<p>Encuentro disputado y bastante espeso. Los colomenses no supieron definir y aunque estuvieron por delante en el marcador casi todo el partido acabaron pagando la falta de punter\u00eda. Miguel \u00c1ngel Saiz con dos goles puso a su equipo con ventaja de dos goles.<\/p>\n<p>A cinco minutos del descanso vivimos unos momentos m\u00e1gicos, los locales consegu\u00edan marcar dos goles para empatar y justo antes del pitido del \u00e1rbitro Luis Atset marcaba el 2-3. En la segunda mitad la Grama desaprovecho sus ocasiones, les anularon un gol y cuando faltaban ocho minutos para el final llegaba el definitivo 3-3.<\/p>\n","protected":false},"excerpt":{"rendered":"<p>Els nois de Tizon Jos\u00e9 Mar\u00eda i Litri van empatar al camp del CCD Tur\u00f3 de la Peira C, pen\u00faltim classificat. L&#8217;Alev\u00ed H deixa enrere les tres derrotes seguides i suma un bon punt com a visitant. Match disputat i bastant esp\u00e8s. Els colomencs no van saber definir i encara que van estar per davant [&hellip;]<\/p>\n","protected":false},"author":1,"featured_media":14895,"comment_status":"closed","ping_status":"closed","sticky":false,"template":"","format":"standard","meta":{"footnotes":""},"categories":[10,4],"tags":[],"class_list":["post-15419","post","type-post","status-publish","format-standard","has-post-thumbnail","hentry","category-alevins","category-base-inclusiu"],"_links":{"self":[{"href":"http:\/\/fegrama.cat\/web\/wp-json\/wp\/v2\/posts\/15419","targetHints":{"allow":["GET"]}}],"collection":[{"href":"http:\/\/fegrama.cat\/web\/wp-json\/wp\/v2\/posts"}],"about":[{"href":"http:\/\/fegrama.cat\/web\/wp-json\/wp\/v2\/types\/post"}],"author":[{"embeddable":true,"href":"http:\/\/fegrama.cat\/web\/wp-json\/wp\/v2\/users\/1"}],"replies":[{"embeddable":true,"href":"http:\/\/fegrama.cat\/web\/wp-json\/wp\/v2\/comments?post=15419"}],"version-history":[{"count":1,"href":"http:\/\/fegrama.cat\/web\/wp-json\/wp\/v2\/posts\/15419\/revisions"}],"predecessor-version":[{"id":15420,"href":"http:\/\/fegrama.cat\/web\/wp-json\/wp\/v2\/posts\/15419\/revisions\/15420"}],"wp:featuredmedia":[{"embeddable":true,"href":"http:\/\/fegrama.cat\/web\/wp-json\/wp\/v2\/media\/14895"}],"wp:attachment":[{"href":"http:\/\/fegrama.cat\/web\/wp-json\/wp\/v2\/media?parent=15419"}],"wp:term":[{"taxonomy":"category","embeddable":true,"href":"http:\/\/fegrama.cat\/web\/wp-json\/wp\/v2\/categories?post=15419"},{"taxonomy":"post_tag","embeddable":true,"href":"http:\/\/fegrama.cat\/web\/wp-json\/wp\/v2\/tags?post=15419"}],"curies":[{"name":"wp","href":"https:\/\/api.w.org\/{rel}","templated":true}]}}