{"id":15370,"date":"2016-03-04T11:01:31","date_gmt":"2016-03-04T10:01:31","guid":{"rendered":"http:\/\/fegrama.cat\/web\/?p=15370"},"modified":"2016-03-04T11:01:31","modified_gmt":"2016-03-04T10:01:31","slug":"previes-dels-equips-cadets-5-i-6-de-marc","status":"publish","type":"post","link":"http:\/\/fegrama.cat\/web\/previes-dels-equips-cadets-5-i-6-de-marc\/","title":{"rendered":"Pr\u00e8vies dels equips Cadets (5 i 6 de mar\u00e7)"},"content":{"rendered":"<p><a href=\"http:\/\/fegrama.cat\/web\/wp-content\/uploads\/2013\/12\/DSC1816.jpg\"><img loading=\"lazy\" decoding=\"async\" class=\"aligncenter\" alt=\"Cadet A 1516\" src=\"http:\/\/fegrama.cat\/web\/wp-content\/uploads\/2013\/12\/DSC1816-1024x664.jpg\" width=\"618\" height=\"400\" \/><\/a><\/p>\n<p><strong>CADET A<\/strong><\/p>\n<p>Despr\u00e9s d&#8217;encaixar la primera derrota de la temporades l&#8217;equip dirigit per Xavi Garc\u00eda necessita aixecar-se. Per davant tenim un derbi al Nou Municipal diumenge a les 18 hores davant el CD Arrabal-Calaf de Gramenet. Un rival molt perill\u00f3s, a meitat de taula amb traject\u00f2ria irregular i que vindr\u00e0 a per totes en el derbi.<\/p>\n<p>Tras encajar la primera derrota de la temporadas el equipo dirigido por Xavi Garc\u00eda necesita levantarse. Por delante tenemos un derbi en el Nou Municipal el domingo a las 18 horas ante el CD Arrabal-Calaf de Gramenet. Un rival muy peligroso, en mitad de tabla con trayectoria irregular y que vendr\u00e1 a por todas en el derbi.<\/p>\n<div><a href=\"http:\/\/fegrama.cat\/web\/wp-content\/uploads\/2013\/12\/DSC1817.jpg\"><img loading=\"lazy\" decoding=\"async\" class=\"aligncenter\" alt=\"Cadet B 1516\" src=\"http:\/\/fegrama.cat\/web\/wp-content\/uploads\/2013\/12\/DSC1817-1024x664.jpg\" width=\"618\" height=\"400\" \/><\/a><\/div>\n<p><strong>CADET B<\/strong><\/p>\n<p>Dissabte molt d&#8217;hora, a les 08:30 hores, a l&#8217;Escola Industrial l&#8217;equip d&#8217;Oscar P\u00e9rez buscar\u00e0 una vict\u00f2ria per apropar-se al primer lloc de la lliga. Els locals, UB Catalonia, necessiten guanyar per seguir allunyant-se de la zona de descens.<\/p>\n<p>El s\u00e1bado muy temprano, a las 08:30 horas, en la Escola Industrial el equipo de Oscar P\u00e9rez buscar\u00e1 una victoria para acercarse al primer puesto de la liga. Los locales, UB Catalonia, necesitan ganar para seguir alej\u00e1ndose de la zona de descenso.<\/p>\n<div>\n<p><a href=\"http:\/\/fegrama.cat\/web\/wp-content\/uploads\/2013\/12\/DSC1823.jpg\"><img loading=\"lazy\" decoding=\"async\" class=\"aligncenter\" alt=\"Cadet C 1516\" src=\"http:\/\/fegrama.cat\/web\/wp-content\/uploads\/2013\/12\/DSC1823-1024x664.jpg\" width=\"618\" height=\"400\" \/><\/a><\/p>\n<\/div>\n<p><strong>CADET C<\/strong><\/p>\n<p>Dissabte a les 13:30 hores al Nou Municipal els nois de Xavi Miralles i Joan Fradera s&#8217;enfronten al Poble Nou At. Un rival dos llocs per sota dels nostres, ser\u00e0 vital guanyar per allunyar-se dels llocs baixos i per trencar la ratxa de quatre partits seguits sense guanyar.<\/p>\n<p>El s\u00e1bado a las 13:30 horas en el Nou Municipal los chicos de Xavi Miralles y Joan Fradera se enfrentan al Poble Nou At. Un rival dos puestos por debajo de los nuestros, ser\u00e1 vital ganar para alejarse de los puestos bajos y para romper la racha de cuatro partidos seguidos sin ganar.<\/p>\n<div><a href=\"http:\/\/fegrama.cat\/web\/wp-content\/uploads\/2013\/12\/DSC1826.jpg\"><img loading=\"lazy\" decoding=\"async\" class=\"aligncenter\" alt=\"Cadet D 1516\" src=\"http:\/\/fegrama.cat\/web\/wp-content\/uploads\/2013\/12\/DSC1826-1024x664.jpg\" width=\"618\" height=\"400\" \/><\/a><\/div>\n<p><strong>CADET D<\/strong><\/p>\n<p>Dissabte a les 13:30 hores a Llars Mundet l&#8217;equip dirigit per Luis Mar\u00eda Hernando i Ram\u00f3n Dom\u00ednguez buscaran la vict\u00f2ria 18 en 18 partits de lliga. S&#8217;enfrontaran a la UB Catalonia D, set\u00e8 classificat i en bona din\u00e0mica.<\/p>\n<p>El s\u00e1bado a las 13:30 horas en Llars Mundet el equipo dirigido por\u00a0Luis Mar\u00eda Hernando y Ram\u00f3n Dom\u00ednguez buscar\u00e1n la victoria 18 en 18 partidos de liga. Se enfrentar\u00e1n a la UB Catalonia D, s\u00e9ptimo clasificado y en buena din\u00e1mica.<\/p>\n","protected":false},"excerpt":{"rendered":"<p>CADET A Despr\u00e9s d&#8217;encaixar la primera derrota de la temporades l&#8217;equip dirigit per Xavi Garc\u00eda necessita aixecar-se. Per davant tenim un derbi al Nou Municipal diumenge a les 18 hores davant el CD Arrabal-Calaf de Gramenet. Un rival molt perill\u00f3s, a meitat de taula amb traject\u00f2ria irregular i que vindr\u00e0 a per totes en el [&hellip;]<\/p>\n","protected":false},"author":1,"featured_media":14798,"comment_status":"closed","ping_status":"closed","sticky":false,"template":"","format":"standard","meta":{"footnotes":""},"categories":[4,7],"tags":[],"class_list":["post-15370","post","type-post","status-publish","format-standard","has-post-thumbnail","hentry","category-base-inclusiu","category-cadets"],"_links":{"self":[{"href":"http:\/\/fegrama.cat\/web\/wp-json\/wp\/v2\/posts\/15370","targetHints":{"allow":["GET"]}}],"collection":[{"href":"http:\/\/fegrama.cat\/web\/wp-json\/wp\/v2\/posts"}],"about":[{"href":"http:\/\/fegrama.cat\/web\/wp-json\/wp\/v2\/types\/post"}],"author":[{"embeddable":true,"href":"http:\/\/fegrama.cat\/web\/wp-json\/wp\/v2\/users\/1"}],"replies":[{"embeddable":true,"href":"http:\/\/fegrama.cat\/web\/wp-json\/wp\/v2\/comments?post=15370"}],"version-history":[{"count":1,"href":"http:\/\/fegrama.cat\/web\/wp-json\/wp\/v2\/posts\/15370\/revisions"}],"predecessor-version":[{"id":15371,"href":"http:\/\/fegrama.cat\/web\/wp-json\/wp\/v2\/posts\/15370\/revisions\/15371"}],"wp:featuredmedia":[{"embeddable":true,"href":"http:\/\/fegrama.cat\/web\/wp-json\/wp\/v2\/media\/14798"}],"wp:attachment":[{"href":"http:\/\/fegrama.cat\/web\/wp-json\/wp\/v2\/media?parent=15370"}],"wp:term":[{"taxonomy":"category","embeddable":true,"href":"http:\/\/fegrama.cat\/web\/wp-json\/wp\/v2\/categories?post=15370"},{"taxonomy":"post_tag","embeddable":true,"href":"http:\/\/fegrama.cat\/web\/wp-json\/wp\/v2\/tags?post=15370"}],"curies":[{"name":"wp","href":"https:\/\/api.w.org\/{rel}","templated":true}]}}