{"id":14602,"date":"2016-01-24T20:18:30","date_gmt":"2016-01-24T19:18:30","guid":{"rendered":"http:\/\/fegrama.cat\/web\/?p=14602"},"modified":"2016-01-24T20:59:07","modified_gmt":"2016-01-24T19:59:07","slug":"el-cadet-b-va-guanyar-al-complex-esportiu-can-drago","status":"publish","type":"post","link":"http:\/\/fegrama.cat\/web\/el-cadet-b-va-guanyar-al-complex-esportiu-can-drago\/","title":{"rendered":"El Cadet B va guanyar al Complex Esportiu Can Drag\u00f3"},"content":{"rendered":"<p>Primera part molt fluixa de l&#8217;equip blau, jugant molt imprec\u00eds i jugant amb poca intensitat, donant moltes facilitats a l&#8217;Alzamora per realitzar xuts a porta, malgrat tot el nostre equip es va avan\u00e7ar al marcador despr\u00e9s d&#8217;un rebuig dins l&#8217;\u00e0rea que Maxwell el va recollir per marcar el 0-1.<\/p>\n<p>Un gol que en teoria hauria de donar tranquil\u00b7litat a la Grama per\u00f2 no va ser aix\u00ed i el minut 20 empatava l&#8217;Alzamora despr\u00e9s d&#8217;un centre a l&#8217;\u00e0rea que el davanter local aconseguia rematar anticipant-se a la defensa. Amb 1-1 van arribar minuts de desconcert en els quals els visitants van disposar de diverses ocasions per\u00f2 sense acabar en gol.<\/p>\n<p>Amb empat i despr\u00e9s del descans els colomencs es van posar les piles i van comen\u00e7ar a controlar el partit aconseguint tancar a l&#8217;equip local en el seu camp. Gr\u00e0cies a un gol de penal de Xavi al minut 55 es van posar 1-2, moment important per posar-se per davant i quedar-se el rival amb un jugador menys.<\/p>\n<p>Semblava que tot es posava de cara, per\u00f2 l&#8217;equip no aconseguia tenir el domini de la pilota i l&#8217;Alzamora malgrat l&#8217;expulsi\u00f3 realitzava una alta pressi\u00f3 i es bolcava a la recerca de l&#8217;empat, tenint diversos c\u00f3rners, tirs i fins i tot un lliure indirecte dins de l&#8217;\u00e0rea , per\u00f2 el nostre equip es va defensar b\u00e9 i va aconseguir tres punts molt importants.<\/p>\n<p>[divider]<\/p>\n<p>Primera parte muy floja del equipo azul, jugando muy impreciso y jugando con poca intensidad, dando muchas facilidades al Alzamora para realizar disparos a puerta, pese a todo nuestro equipo se adelant\u00f3 en el marcador tras un rechace dentro del \u00e1rea que Maxwell lo recogi\u00f3 para marcar el 0-1.<\/p>\n<p>Un gol que en teor\u00eda tendr\u00eda que dar tranquilidad a la Grama pero no fue as\u00ed y el el minuto 20 empataba el Alzamora tras un centro al \u00e1rea que el delantero local lograba rematar anticip\u00e1ndose a la defensa. Con 1-1 llegaron minutos de desconcierto en los cuales los visitantes dispusieron de varias ocasiones pero sin acabar en gol.<\/p>\n<p>Con empate y tras el descanso los colomenses se pusieron las pilas y comenzaron a controlar el partido consiguiendo encerrar al equipo local en su campo. Gracias a un gol de penalti de Xavi en el minuto 55 se pusieron 1-2, momento importante por ponerse por delante y quedarse el rival con un jugador menos.<\/p>\n<p>Parec\u00eda que todo se pon\u00eda de cara, pero el equipo no consegu\u00eda tener el dominio del bal\u00f3n y el Alzamora pese a la expulsi\u00f3n realizaba una alta presi\u00f3n y se volcaba en busca del empate, teniendo varios c\u00f3rners, tiros e incluso un libre indirecto dentro del \u00e1rea, pero nuestro equipo se defendi\u00f3 bien y consigui\u00f3 tres puntos muy importantes.<\/p>\n","protected":false},"excerpt":{"rendered":"<p>Primera part molt fluixa de l&#8217;equip blau, jugant molt imprec\u00eds i jugant amb poca intensitat, donant moltes facilitats a l&#8217;Alzamora per realitzar xuts a porta, malgrat tot el nostre equip es va avan\u00e7ar al marcador despr\u00e9s d&#8217;un rebuig dins l&#8217;\u00e0rea que Maxwell el va recollir per marcar el 0-1. Un gol que en teoria hauria [&hellip;]<\/p>\n","protected":false},"author":1,"featured_media":0,"comment_status":"closed","ping_status":"closed","sticky":false,"template":"","format":"standard","meta":{"footnotes":""},"categories":[4,7],"tags":[],"class_list":["post-14602","post","type-post","status-publish","format-standard","hentry","category-base-inclusiu","category-cadets"],"_links":{"self":[{"href":"http:\/\/fegrama.cat\/web\/wp-json\/wp\/v2\/posts\/14602","targetHints":{"allow":["GET"]}}],"collection":[{"href":"http:\/\/fegrama.cat\/web\/wp-json\/wp\/v2\/posts"}],"about":[{"href":"http:\/\/fegrama.cat\/web\/wp-json\/wp\/v2\/types\/post"}],"author":[{"embeddable":true,"href":"http:\/\/fegrama.cat\/web\/wp-json\/wp\/v2\/users\/1"}],"replies":[{"embeddable":true,"href":"http:\/\/fegrama.cat\/web\/wp-json\/wp\/v2\/comments?post=14602"}],"version-history":[{"count":1,"href":"http:\/\/fegrama.cat\/web\/wp-json\/wp\/v2\/posts\/14602\/revisions"}],"predecessor-version":[{"id":14603,"href":"http:\/\/fegrama.cat\/web\/wp-json\/wp\/v2\/posts\/14602\/revisions\/14603"}],"wp:attachment":[{"href":"http:\/\/fegrama.cat\/web\/wp-json\/wp\/v2\/media?parent=14602"}],"wp:term":[{"taxonomy":"category","embeddable":true,"href":"http:\/\/fegrama.cat\/web\/wp-json\/wp\/v2\/categories?post=14602"},{"taxonomy":"post_tag","embeddable":true,"href":"http:\/\/fegrama.cat\/web\/wp-json\/wp\/v2\/tags?post=14602"}],"curies":[{"name":"wp","href":"https:\/\/api.w.org\/{rel}","templated":true}]}}