{"id":14593,"date":"2016-01-24T19:58:15","date_gmt":"2016-01-24T18:58:15","guid":{"rendered":"http:\/\/fegrama.cat\/web\/?p=14593"},"modified":"2016-01-24T19:58:15","modified_gmt":"2016-01-24T18:58:15","slug":"el-cadet-c-va-perdre-a-can-buxeres","status":"publish","type":"post","link":"http:\/\/fegrama.cat\/web\/el-cadet-c-va-perdre-a-can-buxeres\/","title":{"rendered":"El Cadet C va perdre a Can Buxeres"},"content":{"rendered":"<p>No va ser el dia dels nois de Xavi Miralles i Joan Fradera que van perdre 7-0 davant el FC Can Buxeres B.<\/p>\n<p>Nom\u00e9s havien cinc punts d&#8217;avantatge entre els dos per\u00f2 la difer\u00e8ncia entre els dos conjunts va ser molt gran sobre el terreny de joc. Els colomencs van fer molt mal partit, res els va sortir b\u00e9, i al descans el marcador era de 5-0. A la segona meitat els locals van afluixar i nom\u00e9s van ser capa\u00e7os de marcar dos gols m\u00e9s.<\/p>\n<p>[divider]<\/p>\n<p>No fue el d\u00eda de los chicos de\u00a0Xavi Miralles y Joan Fradera que perdieron 7-0 ante el FC Can Buxeres B.<\/p>\n<p>Solo hab\u00edan cinco puntos de ventaja entre ambos pero la diferencia entre ambos conjuntos fue muy grande sobre el terreno de juego. Los colomenses hicieron muy mal partido, nada les sali\u00f3 bien, y al descanso el marcador era de 5-0. En la segunda mitad los locales aflojaron y solo fueron capaces de marcar dos goles m\u00e1s.<\/p>\n<p>&nbsp;<\/p>\n","protected":false},"excerpt":{"rendered":"<p>No va ser el dia dels nois de Xavi Miralles i Joan Fradera que van perdre 7-0 davant el FC Can Buxeres B. Nom\u00e9s havien cinc punts d&#8217;avantatge entre els dos per\u00f2 la difer\u00e8ncia entre els dos conjunts va ser molt gran sobre el terreny de joc. Els colomencs van fer molt mal partit, res [&hellip;]<\/p>\n","protected":false},"author":1,"featured_media":3855,"comment_status":"closed","ping_status":"closed","sticky":false,"template":"","format":"standard","meta":{"footnotes":""},"categories":[4,7],"tags":[],"class_list":["post-14593","post","type-post","status-publish","format-standard","has-post-thumbnail","hentry","category-base-inclusiu","category-cadets"],"_links":{"self":[{"href":"http:\/\/fegrama.cat\/web\/wp-json\/wp\/v2\/posts\/14593","targetHints":{"allow":["GET"]}}],"collection":[{"href":"http:\/\/fegrama.cat\/web\/wp-json\/wp\/v2\/posts"}],"about":[{"href":"http:\/\/fegrama.cat\/web\/wp-json\/wp\/v2\/types\/post"}],"author":[{"embeddable":true,"href":"http:\/\/fegrama.cat\/web\/wp-json\/wp\/v2\/users\/1"}],"replies":[{"embeddable":true,"href":"http:\/\/fegrama.cat\/web\/wp-json\/wp\/v2\/comments?post=14593"}],"version-history":[{"count":1,"href":"http:\/\/fegrama.cat\/web\/wp-json\/wp\/v2\/posts\/14593\/revisions"}],"predecessor-version":[{"id":14594,"href":"http:\/\/fegrama.cat\/web\/wp-json\/wp\/v2\/posts\/14593\/revisions\/14594"}],"wp:featuredmedia":[{"embeddable":true,"href":"http:\/\/fegrama.cat\/web\/wp-json\/wp\/v2\/media\/3855"}],"wp:attachment":[{"href":"http:\/\/fegrama.cat\/web\/wp-json\/wp\/v2\/media?parent=14593"}],"wp:term":[{"taxonomy":"category","embeddable":true,"href":"http:\/\/fegrama.cat\/web\/wp-json\/wp\/v2\/categories?post=14593"},{"taxonomy":"post_tag","embeddable":true,"href":"http:\/\/fegrama.cat\/web\/wp-json\/wp\/v2\/tags?post=14593"}],"curies":[{"name":"wp","href":"https:\/\/api.w.org\/{rel}","templated":true}]}}