{"id":14591,"date":"2016-01-24T19:43:40","date_gmt":"2016-01-24T18:43:40","guid":{"rendered":"http:\/\/fegrama.cat\/web\/?p=14591"},"modified":"2016-01-24T19:43:40","modified_gmt":"2016-01-24T18:43:40","slug":"el-cadet-d-va-golejar-al-penultim-classificat","status":"publish","type":"post","link":"http:\/\/fegrama.cat\/web\/el-cadet-d-va-golejar-al-penultim-classificat\/","title":{"rendered":"El Cadet D va golejar al pen\u00faltim classificat"},"content":{"rendered":"<p>I una altra vict\u00f2ria m\u00e9s per al Cadet D que porta 13 de 13. El l\u00edder de la lliga segueix en ratxa despr\u00e9s de golejar la Fundaci\u00f3 Esportiva Hospitalet At.<\/p>\n<p>Partit amb poca hist\u00f2ria per explicar, la Grama va ser molt superior a un rival que mai va inquietar als nostres. Els colomencs van tenir el control total de la pilota, ocasions, joc&#8230; i amb tot aix\u00f2 van acabar guanyant 11-0 al CD Pujadas.<\/p>\n<p>Els golejadors del partit van ser: V\u00edctor Montero en tres ocasions, Carlos Gonzalo amb un doblet, Rub\u00e9n Jim\u00e9nez, Israel Vega, Daniel Gamero, Sergio Campos, Iv\u00e1n Miralles i Alejandro Larrosa.<\/p>\n<p>[divider]<\/p>\n<p>Y otra victoria m\u00e1s para el Cadete D que lleva 13 de 13. El l\u00edder de la liga sigue en racha tras golear a la\u00a0Fundaci\u00f3 Esportiva Hospitalet At.<\/p>\n<p>Partido con poca historia que contar, la Grama fue muy superior a un rival que nunca inquiet\u00f3 a los nuestros. Los colomenses tuvieron el control total de la pelota, ocasiones, juego&#8230;y con todo eso acabaron ganando 11-0 al CD Pujadas.<\/p>\n<p>Los goleadores del partido fueron: V\u00edctor Montero en tres ocasiones, Carlos Gonzalo con un doblete, Rub\u00e9n Jim\u00e9nez, Israel Vega, Daniel Gamero, Sergio Campos, Iv\u00e1n Miralles y Alejandro Larrosa.<\/p>\n","protected":false},"excerpt":{"rendered":"<p>I una altra vict\u00f2ria m\u00e9s per al Cadet D que porta 13 de 13. El l\u00edder de la lliga segueix en ratxa despr\u00e9s de golejar la Fundaci\u00f3 Esportiva Hospitalet At. Partit amb poca hist\u00f2ria per explicar, la Grama va ser molt superior a un rival que mai va inquietar als nostres. Els colomencs van tenir [&hellip;]<\/p>\n","protected":false},"author":1,"featured_media":0,"comment_status":"closed","ping_status":"closed","sticky":false,"template":"","format":"standard","meta":{"footnotes":""},"categories":[4,7],"tags":[],"class_list":["post-14591","post","type-post","status-publish","format-standard","hentry","category-base-inclusiu","category-cadets"],"_links":{"self":[{"href":"http:\/\/fegrama.cat\/web\/wp-json\/wp\/v2\/posts\/14591","targetHints":{"allow":["GET"]}}],"collection":[{"href":"http:\/\/fegrama.cat\/web\/wp-json\/wp\/v2\/posts"}],"about":[{"href":"http:\/\/fegrama.cat\/web\/wp-json\/wp\/v2\/types\/post"}],"author":[{"embeddable":true,"href":"http:\/\/fegrama.cat\/web\/wp-json\/wp\/v2\/users\/1"}],"replies":[{"embeddable":true,"href":"http:\/\/fegrama.cat\/web\/wp-json\/wp\/v2\/comments?post=14591"}],"version-history":[{"count":1,"href":"http:\/\/fegrama.cat\/web\/wp-json\/wp\/v2\/posts\/14591\/revisions"}],"predecessor-version":[{"id":14592,"href":"http:\/\/fegrama.cat\/web\/wp-json\/wp\/v2\/posts\/14591\/revisions\/14592"}],"wp:attachment":[{"href":"http:\/\/fegrama.cat\/web\/wp-json\/wp\/v2\/media?parent=14591"}],"wp:term":[{"taxonomy":"category","embeddable":true,"href":"http:\/\/fegrama.cat\/web\/wp-json\/wp\/v2\/categories?post=14591"},{"taxonomy":"post_tag","embeddable":true,"href":"http:\/\/fegrama.cat\/web\/wp-json\/wp\/v2\/tags?post=14591"}],"curies":[{"name":"wp","href":"https:\/\/api.w.org\/{rel}","templated":true}]}}