{"id":14541,"date":"2016-01-22T10:35:56","date_gmt":"2016-01-22T09:35:56","guid":{"rendered":"http:\/\/fegrama.cat\/web\/?p=14541"},"modified":"2016-01-22T10:35:56","modified_gmt":"2016-01-22T09:35:56","slug":"el-juvenil-b-juga-a-santa-coloma-i-el-c-a-badalona","status":"publish","type":"post","link":"http:\/\/fegrama.cat\/web\/el-juvenil-b-juga-a-santa-coloma-i-el-c-a-badalona\/","title":{"rendered":"El Juvenil B juga a Santa Coloma i el C a Badalona"},"content":{"rendered":"<p><strong>JUVENIL B<\/strong><\/p>\n<div id=\"gt-res-content\">\n<div dir=\"ltr\">El conjunt dirigit per Javier Murillo juga al Nou Municipal el dissabte a les 17:30 hores. El rival d&#8217;aquesta jornada ser\u00e0 el CF Lloreda, cinqu\u00e8 classificat amb dos punts menys que els colomencs. Partid\u00e0s entre dos grans equips que lluiten pels llocs alts de la lliga.<\/div>\n<\/div>\n<p>El conjunto dirigido por Javier Murillo juega en el Nou Municipal el s\u00e1bado a las 17:30 horas. El rival de esta jornada ser\u00e1 el CF Lloreda, quinto clasificado con dos puntos menos que los colomenses. Partidazo entre dos grandes equipos que luchan por los puestos altos de la liga.<\/p>\n<div>[divider]<\/div>\n<p><strong>JUVENIL C<\/strong><\/p>\n<p>L&#8217;equip d&#8217;Albert Jornet porta dues derrotes seguides i vol deixar enrere el petit sotrac de resultats. El proper partit el juguen a Badalona el diumenge a les 13 hores davant el CF Bufal\u00e0 B. Un rival de la part baixa de la classificaci\u00f3 que arriba a la jornada despr\u00e9s de guanyar i trencar una mala din\u00e0mica.<\/p>\n<p>El equipo de Albert Jornet lleva dos derrotas seguidas y quiere dejar atr\u00e1s el peque\u00f1o bache de resultados. El pr\u00f3ximo partido lo juegan en Badalona el domingo a las 13 horas ante el CF Bufal\u00e0 B. Un rival de la parte baja de la clasificaci\u00f3n que llega a la jornada tras ganar y romper una mala din\u00e1mica.<\/p>\n","protected":false},"excerpt":{"rendered":"<p>JUVENIL B El conjunt dirigit per Javier Murillo juga al Nou Municipal el dissabte a les 17:30 hores. El rival d&#8217;aquesta jornada ser\u00e0 el CF Lloreda, cinqu\u00e8 classificat amb dos punts menys que els colomencs. Partid\u00e0s entre dos grans equips que lluiten pels llocs alts de la lliga. El conjunto dirigido por Javier Murillo juega [&hellip;]<\/p>\n","protected":false},"author":1,"featured_media":0,"comment_status":"closed","ping_status":"closed","sticky":false,"template":"","format":"standard","meta":{"footnotes":""},"categories":[4,6],"tags":[108,24,27],"class_list":["post-14541","post","type-post","status-publish","format-standard","hentry","category-base-inclusiu","category-juvenils","tag-bufala","tag-fundacio-esportiva-grama","tag-nou-municipal"],"_links":{"self":[{"href":"http:\/\/fegrama.cat\/web\/wp-json\/wp\/v2\/posts\/14541","targetHints":{"allow":["GET"]}}],"collection":[{"href":"http:\/\/fegrama.cat\/web\/wp-json\/wp\/v2\/posts"}],"about":[{"href":"http:\/\/fegrama.cat\/web\/wp-json\/wp\/v2\/types\/post"}],"author":[{"embeddable":true,"href":"http:\/\/fegrama.cat\/web\/wp-json\/wp\/v2\/users\/1"}],"replies":[{"embeddable":true,"href":"http:\/\/fegrama.cat\/web\/wp-json\/wp\/v2\/comments?post=14541"}],"version-history":[{"count":1,"href":"http:\/\/fegrama.cat\/web\/wp-json\/wp\/v2\/posts\/14541\/revisions"}],"predecessor-version":[{"id":14542,"href":"http:\/\/fegrama.cat\/web\/wp-json\/wp\/v2\/posts\/14541\/revisions\/14542"}],"wp:attachment":[{"href":"http:\/\/fegrama.cat\/web\/wp-json\/wp\/v2\/media?parent=14541"}],"wp:term":[{"taxonomy":"category","embeddable":true,"href":"http:\/\/fegrama.cat\/web\/wp-json\/wp\/v2\/categories?post=14541"},{"taxonomy":"post_tag","embeddable":true,"href":"http:\/\/fegrama.cat\/web\/wp-json\/wp\/v2\/tags?post=14541"}],"curies":[{"name":"wp","href":"https:\/\/api.w.org\/{rel}","templated":true}]}}