{"id":14455,"date":"2016-01-17T20:00:11","date_gmt":"2016-01-17T19:00:11","guid":{"rendered":"http:\/\/fegrama.cat\/web\/?p=14455"},"modified":"2016-01-18T10:18:44","modified_gmt":"2016-01-18T09:18:44","slug":"linfantil-d-va-jugar-molt-be-pero-va-perdre-a-les-oliveres","status":"publish","type":"post","link":"http:\/\/fegrama.cat\/web\/linfantil-d-va-jugar-molt-be-pero-va-perdre-a-les-oliveres\/","title":{"rendered":"L&#8217;Infantil D va jugar molt b\u00e9 per\u00f2 va perdre a Les Oliveres"},"content":{"rendered":"<p>Derrota a Les Oliveres de l&#8217;Infantil D davant el complicat cinqu\u00e8 classificat.<\/p>\n<p>Vam veure un partit molt igualat. A la primera meitat el Vila Ol\u00edmpica marxava amb avantatge de dos gols (0-2). A la segona meitat la Fundaci\u00f3 va seguir jugant molt b\u00e9 arribant a retallar dist\u00e0ncia en el marcador amb gol d&#8217;Adri\u00e1n Guti\u00e9rrez.<\/p>\n<p>Quan tot feia indicar que arribaria l&#8217;empat per les moltes ocasions de gol que van tenir els colomencs arribava el tercer gol del Vila Ol\u00edmpica. El 1-3 tancav el &#8216;match&#8217;, els nois d&#8217;Iv\u00e1n Cort\u00e9s i Marc Mart\u00ed ens van deixar molt bones sensacions.<\/p>\n<p>[divider]<\/p>\n<p>Derrota en Les Oliveres del Infantil D ante el complicado quinto clasificado.<\/p>\n<p>Vimos un partido muy igualado. En la primera mitad el Vila Ol\u00edmpica se marchaba con ventaja de dos goles (0-2). En la segunda mitad la Fundaci\u00f3 sigui\u00f3 jugando muy bien llegando a recortar distancia en el marcador con gol de\u00a0Adri\u00e1n Guti\u00e9rrez.<\/p>\n<p>Cuando todo hac\u00eda indicar que llegar\u00eda el empate por las muchas ocasiones de gol que tuvieron los colomenses llegaba el tercer gol del Vila Ol\u00edmpica. El 1-3 cerraba el encuentro, los chicos de\u00a0Iv\u00e1n Cort\u00e9s y Marc Mart\u00ed nos dejaron muy buenas sensaciones.<\/p>\n","protected":false},"excerpt":{"rendered":"<p>Derrota a Les Oliveres de l&#8217;Infantil D davant el complicat cinqu\u00e8 classificat. Vam veure un partit molt igualat. A la primera meitat el Vila Ol\u00edmpica marxava amb avantatge de dos gols (0-2). A la segona meitat la Fundaci\u00f3 va seguir jugant molt b\u00e9 arribant a retallar dist\u00e0ncia en el marcador amb gol d&#8217;Adri\u00e1n Guti\u00e9rrez. Quan [&hellip;]<\/p>\n","protected":false},"author":1,"featured_media":0,"comment_status":"closed","ping_status":"closed","sticky":false,"template":"","format":"standard","meta":{"footnotes":""},"categories":[4,9],"tags":[],"class_list":["post-14455","post","type-post","status-publish","format-standard","hentry","category-base-inclusiu","category-infantils"],"_links":{"self":[{"href":"http:\/\/fegrama.cat\/web\/wp-json\/wp\/v2\/posts\/14455","targetHints":{"allow":["GET"]}}],"collection":[{"href":"http:\/\/fegrama.cat\/web\/wp-json\/wp\/v2\/posts"}],"about":[{"href":"http:\/\/fegrama.cat\/web\/wp-json\/wp\/v2\/types\/post"}],"author":[{"embeddable":true,"href":"http:\/\/fegrama.cat\/web\/wp-json\/wp\/v2\/users\/1"}],"replies":[{"embeddable":true,"href":"http:\/\/fegrama.cat\/web\/wp-json\/wp\/v2\/comments?post=14455"}],"version-history":[{"count":1,"href":"http:\/\/fegrama.cat\/web\/wp-json\/wp\/v2\/posts\/14455\/revisions"}],"predecessor-version":[{"id":14456,"href":"http:\/\/fegrama.cat\/web\/wp-json\/wp\/v2\/posts\/14455\/revisions\/14456"}],"wp:attachment":[{"href":"http:\/\/fegrama.cat\/web\/wp-json\/wp\/v2\/media?parent=14455"}],"wp:term":[{"taxonomy":"category","embeddable":true,"href":"http:\/\/fegrama.cat\/web\/wp-json\/wp\/v2\/categories?post=14455"},{"taxonomy":"post_tag","embeddable":true,"href":"http:\/\/fegrama.cat\/web\/wp-json\/wp\/v2\/tags?post=14455"}],"curies":[{"name":"wp","href":"https:\/\/api.w.org\/{rel}","templated":true}]}}