{"id":14435,"date":"2016-01-17T20:17:52","date_gmt":"2016-01-17T19:17:52","guid":{"rendered":"http:\/\/fegrama.cat\/web\/?p=14435"},"modified":"2016-01-17T20:17:52","modified_gmt":"2016-01-17T19:17:52","slug":"lalevi-f-va-perdre-a-can-zam","status":"publish","type":"post","link":"http:\/\/fegrama.cat\/web\/lalevi-f-va-perdre-a-can-zam\/","title":{"rendered":"L&#8217;Alev\u00ed F va perdre a Can Zam"},"content":{"rendered":"<p>El dissabte al Municipal Can Zam-2 hi va haver derbi entre el CF Singuerl\u00edn B i l&#8217;Alev\u00ed F de la Fundaci\u00f3 Esportiva Grama.<\/p>\n<p>Els visitants no van poder controlar el partit en cap moment. Els locals van ser un vendabal sobre el camp superant als nostres gaireb\u00e9 en tot el partit.<\/p>\n<p>Marcador final de 10-3, els gols de la Fundaci\u00f3 van ser de \u00cdker Quintana en dues ocasions i Jony.<\/p>\n<p style=\"text-align: center;\"><a href=\"http:\/\/fegrama.cat\/web\/wp-content\/uploads\/2015\/10\/alevF1516.jpg\"><img loading=\"lazy\" decoding=\"async\" class=\"aligncenter  wp-image-12786\" alt=\"alevF1516\" src=\"http:\/\/fegrama.cat\/web\/wp-content\/uploads\/2015\/10\/alevF1516.jpg\" width=\"580\" height=\"387\" \/><\/a><\/p>\n<p>El s\u00e1bado en el Municipal Can Zam-2 hubo derbi entre el CF Singuerl\u00edn B y el Alev\u00edn F de la Fundaci\u00f3 Esportiva Grama.<\/p>\n<p>Los visitantes no pudieron controlar el partido en ning\u00fan momento. Los locales fueron un vendabal sobre el campo superando a los nuestros casi en todo el partido.<\/p>\n<p>Marcador final de 10-3, los goles de la Fundaci\u00f3 fueron de \u00cdker Quintana en dos ocasiones y Jony.<\/p>\n","protected":false},"excerpt":{"rendered":"<p>El dissabte al Municipal Can Zam-2 hi va haver derbi entre el CF Singuerl\u00edn B i l&#8217;Alev\u00ed F de la Fundaci\u00f3 Esportiva Grama. Els visitants no van poder controlar el partit en cap moment. Els locals van ser un vendabal sobre el camp superant als nostres gaireb\u00e9 en tot el partit. Marcador final de 10-3, [&hellip;]<\/p>\n","protected":false},"author":1,"featured_media":0,"comment_status":"closed","ping_status":"closed","sticky":false,"template":"","format":"standard","meta":{"footnotes":""},"categories":[10,4],"tags":[],"class_list":["post-14435","post","type-post","status-publish","format-standard","hentry","category-alevins","category-base-inclusiu"],"_links":{"self":[{"href":"http:\/\/fegrama.cat\/web\/wp-json\/wp\/v2\/posts\/14435","targetHints":{"allow":["GET"]}}],"collection":[{"href":"http:\/\/fegrama.cat\/web\/wp-json\/wp\/v2\/posts"}],"about":[{"href":"http:\/\/fegrama.cat\/web\/wp-json\/wp\/v2\/types\/post"}],"author":[{"embeddable":true,"href":"http:\/\/fegrama.cat\/web\/wp-json\/wp\/v2\/users\/1"}],"replies":[{"embeddable":true,"href":"http:\/\/fegrama.cat\/web\/wp-json\/wp\/v2\/comments?post=14435"}],"version-history":[{"count":1,"href":"http:\/\/fegrama.cat\/web\/wp-json\/wp\/v2\/posts\/14435\/revisions"}],"predecessor-version":[{"id":14436,"href":"http:\/\/fegrama.cat\/web\/wp-json\/wp\/v2\/posts\/14435\/revisions\/14436"}],"wp:attachment":[{"href":"http:\/\/fegrama.cat\/web\/wp-json\/wp\/v2\/media?parent=14435"}],"wp:term":[{"taxonomy":"category","embeddable":true,"href":"http:\/\/fegrama.cat\/web\/wp-json\/wp\/v2\/categories?post=14435"},{"taxonomy":"post_tag","embeddable":true,"href":"http:\/\/fegrama.cat\/web\/wp-json\/wp\/v2\/tags?post=14435"}],"curies":[{"name":"wp","href":"https:\/\/api.w.org\/{rel}","templated":true}]}}