{"id":14425,"date":"2016-01-17T17:50:05","date_gmt":"2016-01-17T16:50:05","guid":{"rendered":"http:\/\/fegrama.cat\/web\/?p=14425"},"modified":"2016-01-17T17:50:05","modified_gmt":"2016-01-17T16:50:05","slug":"el-juvenil-c-es-remuntat-en-un-final-cruel","status":"publish","type":"post","link":"http:\/\/fegrama.cat\/web\/el-juvenil-c-es-remuntat-en-un-final-cruel\/","title":{"rendered":"El Juvenil C \u00e9s remuntat en un final cruel"},"content":{"rendered":"<p>L&#8217;equip d&#8217;Albert Jornet tenia un partit molt complicat al Nou Muncipal. El rival d&#8217;aquesta jornada era la Penya Barcelonista Barcino. Quart contra tercer i vict\u00f2ria de l&#8217;equip visitant.<\/p>\n<p>Els colomencs van saltar al camp molt endollats, fruit d&#8217;aquest gran comen\u00e7ament va arribar l&#8217;1-0, als 16 minuts Ayoub finalitzava en gol una gran carrera de Marcos. La primera meitat va transc\u00f3rrer entre ocasions d&#8217;un i altre equip, cap seria finalitzada deixant el marcador al descans amb avantatge m\u00ednima per als locals.<\/p>\n<p>En els segons 45 minuts vam veure el mateix gui\u00f3 fins que va arribar la pol\u00e8mica amb una expulsi\u00f3 inexpicable al tram final. La Grama es quedava amb un menys i en els \u00faltims tres minuts en un c\u00f3rner i un servei de banda proper a l&#8217;\u00e0rea acabaven en gol de la Barcino, que li donava la volta al marcador (1-2).<\/p>\n<p>[divider]<\/p>\n<p>El equipo de Albert Jornet ten\u00eda un partido muy complicado en el Nou Muncipal. El rival de esta jornada era la Penya Barcelonista Barcino. Cuarto contra tercero y victoria del equipo visitante.<\/p>\n<p>Los colomenses saltaron al campo muy enchufados, fruto de ese gran comienzo lleg\u00f3 el 1-0, a los 16 minutos Ayoub finalizaba en gol una gran carrera de Marcos. La primera mitad transcurri\u00f3 entre ocasiones de uno y otro equipo, ninguna ser\u00eda finalizada dejando el marcador al descanso con ventaja m\u00ednima para los locales.<\/p>\n<p>En los segundos 45 minutos vimos el mismo gui\u00f3n hasta que lleg\u00f3 la pol\u00e9mica con una expulsi\u00f3n inexpicable en el tramo final. La Grama se quedaba con uno menos y en los \u00faltimos tres minutos en un c\u00f3rner y\u00a0un saque de banda cercano al \u00e1rea acababan en gol de la Barcino, que le daba la vuelta al marcador (1-2).<\/p>\n","protected":false},"excerpt":{"rendered":"<p>L&#8217;equip d&#8217;Albert Jornet tenia un partit molt complicat al Nou Muncipal. El rival d&#8217;aquesta jornada era la Penya Barcelonista Barcino. Quart contra tercer i vict\u00f2ria de l&#8217;equip visitant. Els colomencs van saltar al camp molt endollats, fruit d&#8217;aquest gran comen\u00e7ament va arribar l&#8217;1-0, als 16 minuts Ayoub finalitzava en gol una gran carrera de Marcos. [&hellip;]<\/p>\n","protected":false},"author":1,"featured_media":0,"comment_status":"closed","ping_status":"closed","sticky":false,"template":"","format":"standard","meta":{"footnotes":""},"categories":[4,6],"tags":[],"class_list":["post-14425","post","type-post","status-publish","format-standard","hentry","category-base-inclusiu","category-juvenils"],"_links":{"self":[{"href":"http:\/\/fegrama.cat\/web\/wp-json\/wp\/v2\/posts\/14425","targetHints":{"allow":["GET"]}}],"collection":[{"href":"http:\/\/fegrama.cat\/web\/wp-json\/wp\/v2\/posts"}],"about":[{"href":"http:\/\/fegrama.cat\/web\/wp-json\/wp\/v2\/types\/post"}],"author":[{"embeddable":true,"href":"http:\/\/fegrama.cat\/web\/wp-json\/wp\/v2\/users\/1"}],"replies":[{"embeddable":true,"href":"http:\/\/fegrama.cat\/web\/wp-json\/wp\/v2\/comments?post=14425"}],"version-history":[{"count":1,"href":"http:\/\/fegrama.cat\/web\/wp-json\/wp\/v2\/posts\/14425\/revisions"}],"predecessor-version":[{"id":14429,"href":"http:\/\/fegrama.cat\/web\/wp-json\/wp\/v2\/posts\/14425\/revisions\/14429"}],"wp:attachment":[{"href":"http:\/\/fegrama.cat\/web\/wp-json\/wp\/v2\/media?parent=14425"}],"wp:term":[{"taxonomy":"category","embeddable":true,"href":"http:\/\/fegrama.cat\/web\/wp-json\/wp\/v2\/categories?post=14425"},{"taxonomy":"post_tag","embeddable":true,"href":"http:\/\/fegrama.cat\/web\/wp-json\/wp\/v2\/tags?post=14425"}],"curies":[{"name":"wp","href":"https:\/\/api.w.org\/{rel}","templated":true}]}}