{"id":14421,"date":"2016-01-17T17:11:10","date_gmt":"2016-01-17T16:11:10","guid":{"rendered":"http:\/\/fegrama.cat\/web\/?p=14421"},"modified":"2016-01-18T11:07:28","modified_gmt":"2016-01-18T10:07:28","slug":"resums-dels-partits-dels-prebenjamins-16-i-17-de-gener","status":"publish","type":"post","link":"http:\/\/fegrama.cat\/web\/resums-dels-partits-dels-prebenjamins-16-i-17-de-gener\/","title":{"rendered":"Resums dels partits dels Prebenjamins (16 i 17 de gener)"},"content":{"rendered":"<p style=\"text-align: center;\"><a href=\"http:\/\/fegrama.cat\/web\/wp-content\/uploads\/2016\/01\/prebA170116.jpg\"><img loading=\"lazy\" decoding=\"async\" class=\"aligncenter  wp-image-14426\" alt=\"prebA170116\" src=\"http:\/\/fegrama.cat\/web\/wp-content\/uploads\/2016\/01\/prebA170116-1024x795.jpg\" width=\"433\" height=\"335\" \/><\/a><\/p>\n<p><strong>PREBENJAM\u00cd A 1-2 Fundaci\u00f3n Privada Hermes<\/strong><\/p>\n<p>Bon partit dels nois de Juanma Amate que van donar la cara i van ser en molts moments millors que el segon classificat de la lliga. Al minut 1 va arribar el primer gol del partit per\u00f2 la reacci\u00f3 local arribaria amb gol d&#8217;Iker Manotas. Igualat i bonic partit per\u00f2 desgraciadament gaireb\u00e9 al final un gol en pr\u00f2pia porta va donar la vict\u00f2ria a la Hermes.<\/p>\n<p><strong>FOTOS DEL PARTIT:<\/strong>\u00a0<a href=\"https:\/\/goo.gl\/photos\/3aQUCbUWUv4Qc6ML6\" target=\"_blank\">https:\/\/goo.gl\/photos\/3aQUCbUWUv4Qc6ML6<\/a><\/p>\n<p>Buen partido de los chicos de Juanma Amate que dieron la cara y fueron en muchos momentos mejores que el segundo clasificado de la liga. En el minuto 1 lleg\u00f3 el primer tanto del partido pero la reacci\u00f3n local llegar\u00eda con gol de Iker Manotas. Igualado y bonito partido pero desgraciadamente casi al final un gol en propia puerta dio la victoria a la Hermes.<\/p>\n<div>[divider]<\/div>\n<p><strong><span style=\"text-decoration: underline;\">Amist\u00f3s:<\/span> UD Molletense 4-2 PREBENJAM\u00cd B <\/strong><em>(Dissabte,\u00a0<\/em><em>Municipal Zona Sur de Mollet)<\/em><\/p>\n<p>[divider]<\/p>\n<p><a href=\"http:\/\/fegrama.cat\/web\/wp-content\/uploads\/2013\/12\/prebC1516.jpg\"><img loading=\"lazy\" decoding=\"async\" class=\"aligncenter\" alt=\"prebC1516\" src=\"http:\/\/fegrama.cat\/web\/wp-content\/uploads\/2013\/12\/prebC1516.jpg\" width=\"672\" height=\"504\" \/><\/a><\/p>\n<p><strong>PREBENJAM\u00cd C 4-1 FCMartinenc E<\/strong><\/p>\n<p>A la primera part la Grama no es va trobar c\u00f2moda al camp davant un rival que sortia molt b\u00e9 a la contra, el resultat al descans era de 1-1. Per\u00f2 tot va canviar a la segona part amb la millora en el joc dels locals que va fer que anessin arribant les ocasions i els gols fins a acabar guanyant per tres gols d&#8217;avantatge.<\/p>\n<p><strong>FOTOS DEL PARTIT:<\/strong>\u00a0<a href=\"https:\/\/goo.gl\/photos\/M7eN6SUL5rFJrF2R7\">https:\/\/goo.gl\/photos\/M7eN6SUL5rFJrF2R7<\/a><\/p>\n<p>En la primera parte la Grama no se encontr\u00f3 c\u00f3moda en el campo ante un rival que salia muy bien a la contra, el resultado al descanso era de 1-1. Pero todo cambio en la segunda parte con la mejor\u00eda en el juego de los locales que hizo que fueran llegando las ocasiones y los goles hasta acabar ganando por tres goles de ventaja.<\/p>\n<p><a href=\"http:\/\/fegrama.cat\/web\/wp-content\/uploads\/2014\/10\/prebD1516.jpg\"><img loading=\"lazy\" decoding=\"async\" class=\"aligncenter\" alt=\"prebD1516\" src=\"http:\/\/fegrama.cat\/web\/wp-content\/uploads\/2014\/10\/prebD1516.jpg\" width=\"560\" height=\"420\" \/><\/a><\/p>\n<p><strong>UE Sant Andreu D 3-6 PREBENJAM\u00cd D\u00a0<\/strong><\/p>\n<p>Al Aiss Municipal els colomencs van fer un primer quart dolent, van sortir adormits per\u00f2 van despertar i van remuntar un 2-0. En els altres tres quarts els nois van jugar amb intensitat i molt concentrats aconseguint guanyar un partit davant un rival complicat.<\/p>\n<p>En el Aiss Municipal los colomenses hicieron un primer cuarto malo, salieron dormidos pero despertaron y remontaron un 2-0. En los otros tres cuartos los chicos jugaron con intensidad y muy concentrados consiguiendo ganar un partido ante un rival complicado.<\/p>\n<p><a href=\"http:\/\/fegrama.cat\/web\/wp-content\/uploads\/2014\/11\/prebE1516.jpg\"><img loading=\"lazy\" decoding=\"async\" class=\"aligncenter\" alt=\"prebE1516\" src=\"http:\/\/fegrama.cat\/web\/wp-content\/uploads\/2014\/11\/prebE1516.jpg\" width=\"560\" height=\"420\" \/><\/a><\/p>\n<p><strong>PREBENJAM\u00cd E 2-4 CCD Tur\u00f3 de la Peira<\/strong><\/p>\n<p>No va ser el dia, ni jugant a casa ni davant un rival amb vuit punts menys. L&#8217;equip va estar descentrat, no van fer bon partit i van acabar pagant car els errors. Ismael i Railin van ser els autors de l&#8217;equip local, els visitants van ser molt efectius de cara a porta.\u00a0Toca seguir aprenent, i aixecar-se despr\u00e9s d&#8217;una derrota. Tocar\u00e0 seguir treballant per guanyar la setmana que ve.<\/p>\n<p>No fue el d\u00eda, ni jugando en casa ni ante un rival con ocho puntos menos. El equipo estuvo descentrado, no hicieron buen partido y acabaron pagando caro los fallos. Ismael y Railin fueron los autores del equipo local, los visitantes fueron muy efectivos de cara a puerta. Toca seguir aprendiendo, y levantarse despu\u00e9s de una derrota. Tocar\u00e1 seguir trabajando para ganar la semana que viene.<\/p>\n","protected":false},"excerpt":{"rendered":"<p>PREBENJAM\u00cd A 1-2 Fundaci\u00f3n Privada Hermes Bon partit dels nois de Juanma Amate que van donar la cara i van ser en molts moments millors que el segon classificat de la lliga. Al minut 1 va arribar el primer gol del partit per\u00f2 la reacci\u00f3 local arribaria amb gol d&#8217;Iker Manotas. Igualat i bonic partit [&hellip;]<\/p>\n","protected":false},"author":1,"featured_media":0,"comment_status":"closed","ping_status":"closed","sticky":false,"template":"","format":"standard","meta":{"footnotes":""},"categories":[4,12],"tags":[24,802,55],"class_list":["post-14421","post","type-post","status-publish","format-standard","hentry","category-base-inclusiu","category-prebenjamins","tag-fundacio-esportiva-grama","tag-municipal-les-oliveres","tag-nou-municipal-de-santa-coloma"],"_links":{"self":[{"href":"http:\/\/fegrama.cat\/web\/wp-json\/wp\/v2\/posts\/14421","targetHints":{"allow":["GET"]}}],"collection":[{"href":"http:\/\/fegrama.cat\/web\/wp-json\/wp\/v2\/posts"}],"about":[{"href":"http:\/\/fegrama.cat\/web\/wp-json\/wp\/v2\/types\/post"}],"author":[{"embeddable":true,"href":"http:\/\/fegrama.cat\/web\/wp-json\/wp\/v2\/users\/1"}],"replies":[{"embeddable":true,"href":"http:\/\/fegrama.cat\/web\/wp-json\/wp\/v2\/comments?post=14421"}],"version-history":[{"count":5,"href":"http:\/\/fegrama.cat\/web\/wp-json\/wp\/v2\/posts\/14421\/revisions"}],"predecessor-version":[{"id":14463,"href":"http:\/\/fegrama.cat\/web\/wp-json\/wp\/v2\/posts\/14421\/revisions\/14463"}],"wp:attachment":[{"href":"http:\/\/fegrama.cat\/web\/wp-json\/wp\/v2\/media?parent=14421"}],"wp:term":[{"taxonomy":"category","embeddable":true,"href":"http:\/\/fegrama.cat\/web\/wp-json\/wp\/v2\/categories?post=14421"},{"taxonomy":"post_tag","embeddable":true,"href":"http:\/\/fegrama.cat\/web\/wp-json\/wp\/v2\/tags?post=14421"}],"curies":[{"name":"wp","href":"https:\/\/api.w.org\/{rel}","templated":true}]}}