{"id":14417,"date":"2016-01-17T16:38:33","date_gmt":"2016-01-17T15:38:33","guid":{"rendered":"http:\/\/fegrama.cat\/web\/?p=14417"},"modified":"2016-01-17T16:38:33","modified_gmt":"2016-01-17T15:38:33","slug":"lalevi-g-no-va-poder-amb-el-segon-classificat","status":"publish","type":"post","link":"http:\/\/fegrama.cat\/web\/lalevi-g-no-va-poder-amb-el-segon-classificat\/","title":{"rendered":"L&#8217;Alev\u00ed G no va poder amb el segon classificat"},"content":{"rendered":"<p>L&#8217;equip dirigit per Marc Ten jugava davant el segon classificat i no va poder aconseguir puntuar tot i el gran partit realitzat.<\/p>\n<p>Els colomencs van competir molt b\u00e9, van plantar cara al CF Lloreda C i en cap moment van abaixar els bra\u00e7os davant un rival molt complicat. Tot i el 3-12 final, l&#8217;equip segueix en l\u00ednia ascendent. A poc a poc creixent.<\/p>\n<p>Isaac Vega en dues ocasions i Ian Manotas van ser els golejadors de l&#8217;equip colomenc.<\/p>\n<p>[divider]<\/p>\n<p>El equipo dirigido por Marc Ten jugaba ante el segundo clasificado y no pudo conseguir puntuar pese al gran partido realizado.<\/p>\n<p>Los colomenses compitieron muy bien, plantaron cara al CF Lloreda C y en ning\u00fan momento bajaron los brazos ante un rival muy complicado. Pese al 3-12 final, el equipo sigue en l\u00ednea ascendente. Poco a poco creciendo.<\/p>\n<p>Isaac Vega en dos ocasiones e Ian Manotas fueron los goleadores del equipo colomense.<\/p>\n","protected":false},"excerpt":{"rendered":"<p>L&#8217;equip dirigit per Marc Ten jugava davant el segon classificat i no va poder aconseguir puntuar tot i el gran partit realitzat. Els colomencs van competir molt b\u00e9, van plantar cara al CF Lloreda C i en cap moment van abaixar els bra\u00e7os davant un rival molt complicat. Tot i el 3-12 final, l&#8217;equip segueix [&hellip;]<\/p>\n","protected":false},"author":1,"featured_media":0,"comment_status":"closed","ping_status":"closed","sticky":false,"template":"","format":"standard","meta":{"footnotes":""},"categories":[10,4],"tags":[24,802],"class_list":["post-14417","post","type-post","status-publish","format-standard","hentry","category-alevins","category-base-inclusiu","tag-fundacio-esportiva-grama","tag-municipal-les-oliveres"],"_links":{"self":[{"href":"http:\/\/fegrama.cat\/web\/wp-json\/wp\/v2\/posts\/14417","targetHints":{"allow":["GET"]}}],"collection":[{"href":"http:\/\/fegrama.cat\/web\/wp-json\/wp\/v2\/posts"}],"about":[{"href":"http:\/\/fegrama.cat\/web\/wp-json\/wp\/v2\/types\/post"}],"author":[{"embeddable":true,"href":"http:\/\/fegrama.cat\/web\/wp-json\/wp\/v2\/users\/1"}],"replies":[{"embeddable":true,"href":"http:\/\/fegrama.cat\/web\/wp-json\/wp\/v2\/comments?post=14417"}],"version-history":[{"count":1,"href":"http:\/\/fegrama.cat\/web\/wp-json\/wp\/v2\/posts\/14417\/revisions"}],"predecessor-version":[{"id":14418,"href":"http:\/\/fegrama.cat\/web\/wp-json\/wp\/v2\/posts\/14417\/revisions\/14418"}],"wp:attachment":[{"href":"http:\/\/fegrama.cat\/web\/wp-json\/wp\/v2\/media?parent=14417"}],"wp:term":[{"taxonomy":"category","embeddable":true,"href":"http:\/\/fegrama.cat\/web\/wp-json\/wp\/v2\/categories?post=14417"},{"taxonomy":"post_tag","embeddable":true,"href":"http:\/\/fegrama.cat\/web\/wp-json\/wp\/v2\/tags?post=14417"}],"curies":[{"name":"wp","href":"https:\/\/api.w.org\/{rel}","templated":true}]}}