{"id":14394,"date":"2016-01-16T17:37:15","date_gmt":"2016-01-16T16:37:15","guid":{"rendered":"http:\/\/fegrama.cat\/web\/?p=14394"},"modified":"2016-01-16T17:37:15","modified_gmt":"2016-01-16T16:37:15","slug":"el-benjami-f-va-caure-a-les-oliveres","status":"publish","type":"post","link":"http:\/\/fegrama.cat\/web\/el-benjami-f-va-caure-a-les-oliveres\/","title":{"rendered":"El Benjam\u00ed F va caure a Les Oliveres"},"content":{"rendered":"<p>L&#8217;equip d&#8217;Aaron Olivares i Johan Steve no va poder sumar els primers punts de la temporada. A Les Oliveres el cinqu\u00e8 classificat es va dur els tres punts.<\/p>\n<p>Albert Singh als tres minuts marcava per a la FE Grama, els locals es van avan\u00e7ar al marcador per\u00f2 el FC Zona Franca reaccionaria remuntant i golejant.<\/p>\n<p>Molt complicat el rival, i partit molt dif\u00edcil per\u00f2 els nostres van lluitar en tot moment, donant la cara sempre i mai baixant els bra\u00e7os. Donar la volta al 1-0 els va costar bastant a l&#8217;equip visitant, i un cop va arribar l&#8217;1-2 van comen\u00e7ar a caure els gols fins a acabar 1-9.<\/p>\n<p style=\"text-align: center;\"><a href=\"http:\/\/fegrama.cat\/web\/wp-content\/uploads\/2016\/01\/benjF-1516.jpg\"><img loading=\"lazy\" decoding=\"async\" class=\"aligncenter  wp-image-14386\" alt=\"OLYMPUS DIGITAL CAMERA\" src=\"http:\/\/fegrama.cat\/web\/wp-content\/uploads\/2016\/01\/benjF-1516.jpg\" width=\"640\" height=\"480\" \/><\/a><\/p>\n<p>El equipo de Aar\u00f3n Olivares y Johan Steve no pudo sumar los primeros puntos de la temporada. En Les Oliveres el quinto clasificado se llevo los tres puntos.<\/p>\n<p>Albert Singh a los tres minutos marcaba para la FE Grama, los locales se adelantaron en el marcador pero el FC Zona Franca reaccionar\u00eda remontando y goleando.<\/p>\n<p>Muy complicado el rival, y partido muy dificil pero los nuestros lucharon en todo momento, dando la cara siempre y nunca bajando los brazos. Dar la vuelta al 1-0 les cost\u00f3 bastante al equipo visitante, y una vez lleg\u00f3 el 1-2 empezaron a caer los goles hasta acabar 1-9.<\/p>\n","protected":false},"excerpt":{"rendered":"<p>L&#8217;equip d&#8217;Aaron Olivares i Johan Steve no va poder sumar els primers punts de la temporada. A Les Oliveres el cinqu\u00e8 classificat es va dur els tres punts. Albert Singh als tres minuts marcava per a la FE Grama, els locals es van avan\u00e7ar al marcador per\u00f2 el FC Zona Franca reaccionaria remuntant i golejant. [&hellip;]<\/p>\n","protected":false},"author":1,"featured_media":0,"comment_status":"closed","ping_status":"closed","sticky":false,"template":"","format":"standard","meta":{"footnotes":""},"categories":[4,11],"tags":[802],"class_list":["post-14394","post","type-post","status-publish","format-standard","hentry","category-base-inclusiu","category-benjamins","tag-municipal-les-oliveres"],"_links":{"self":[{"href":"http:\/\/fegrama.cat\/web\/wp-json\/wp\/v2\/posts\/14394","targetHints":{"allow":["GET"]}}],"collection":[{"href":"http:\/\/fegrama.cat\/web\/wp-json\/wp\/v2\/posts"}],"about":[{"href":"http:\/\/fegrama.cat\/web\/wp-json\/wp\/v2\/types\/post"}],"author":[{"embeddable":true,"href":"http:\/\/fegrama.cat\/web\/wp-json\/wp\/v2\/users\/1"}],"replies":[{"embeddable":true,"href":"http:\/\/fegrama.cat\/web\/wp-json\/wp\/v2\/comments?post=14394"}],"version-history":[{"count":1,"href":"http:\/\/fegrama.cat\/web\/wp-json\/wp\/v2\/posts\/14394\/revisions"}],"predecessor-version":[{"id":14395,"href":"http:\/\/fegrama.cat\/web\/wp-json\/wp\/v2\/posts\/14394\/revisions\/14395"}],"wp:attachment":[{"href":"http:\/\/fegrama.cat\/web\/wp-json\/wp\/v2\/media?parent=14394"}],"wp:term":[{"taxonomy":"category","embeddable":true,"href":"http:\/\/fegrama.cat\/web\/wp-json\/wp\/v2\/categories?post=14394"},{"taxonomy":"post_tag","embeddable":true,"href":"http:\/\/fegrama.cat\/web\/wp-json\/wp\/v2\/tags?post=14394"}],"curies":[{"name":"wp","href":"https:\/\/api.w.org\/{rel}","templated":true}]}}