{"id":14377,"date":"2016-01-16T15:50:34","date_gmt":"2016-01-16T14:50:34","guid":{"rendered":"http:\/\/fegrama.cat\/web\/?p=14377"},"modified":"2016-01-16T19:01:59","modified_gmt":"2016-01-16T18:01:59","slug":"j-arago-dedica-un-exemplar-de-recuerdos-borroso-al-nostre-president","status":"publish","type":"post","link":"http:\/\/fegrama.cat\/web\/j-arago-dedica-un-exemplar-de-recuerdos-borroso-al-nostre-president\/","title":{"rendered":"J.Arag\u00f3 dedica un exemplar de \u00abRecuerdos Borrosos\u00bb al nostre President"},"content":{"rendered":"<figure id=\"attachment_14378\" aria-describedby=\"caption-attachment-14378\" style=\"width: 560px\" class=\"wp-caption aligncenter\"><a href=\"http:\/\/fegrama.cat\/web\/wp-content\/uploads\/2016\/01\/joanfirmalibro.jpg\"><img loading=\"lazy\" decoding=\"async\" class=\" wp-image-14378 \" alt=\"Joan signant i dedicant el llibre\" src=\"http:\/\/fegrama.cat\/web\/wp-content\/uploads\/2016\/01\/joanfirmalibro.jpg\" width=\"560\" height=\"420\" srcset=\"http:\/\/fegrama.cat\/web\/wp-content\/uploads\/2016\/01\/joanfirmalibro.jpg 800w, http:\/\/fegrama.cat\/web\/wp-content\/uploads\/2016\/01\/joanfirmalibro-300x225.jpg 300w\" sizes=\"auto, (max-width: 560px) 100vw, 560px\" \/><\/a><figcaption id=\"caption-attachment-14378\" class=\"wp-caption-text\"><strong>Joan signant i dedicant el llibre<\/strong><\/figcaption><\/figure>\n<p>Ahir a la tarda el nostre company i coordinador dels Prebenjamins, <strong>Joan Arag\u00f3<\/strong>, li va dedicar i signar el seu llibre al nostre president, <strong>Antonio Morales<\/strong>.\u00a0Aquest no \u00e9s un relat cient\u00edfic sobre l&#8217;Alzheimer, tampoc \u00e9s un llibre fotogr\u00e0fic, ni \u00e9s un drama, ni res gore amb molta sang i budells, \u00e9s simplement un conte amb un format gaireb\u00e9 infantil d&#8217;imatge i text que explica una hist\u00f2ria d&#8217;adults, de dos amics i un llarg comiat.<\/p>\n<p>\u00c9s la hist\u00f2ria sobre la malaltia de l&#8217;Alzheimer, amb 2 personatges (metge i pacient) que la casualitat els porta a trobar-se en aquesta situaci\u00f3 havent estat amics de la inf\u00e0ncia. Es proposen fer un exercici que tracta que cada dues setmanes es reuniran per veure fotos de la seva vida i anotar els records que encara li queden. El llibre entrella\u00e7a text i 100 imatges, la part visual ajuda i complementa aquesta hist\u00f2ria sobre dos amics i un lent comiat.<\/p>\n<blockquote>\n<p style=\"text-align: center;\">A vegades, quan sembla que la vida et comen\u00e7a a tractar b\u00e9 i tot est\u00e0 en harmonia amb el teu costat interior, \u00e9s quan el dest\u00ed et t\u00e9 guardats uns canvis de gui\u00f3 que no esperes&#8230; Res m\u00e9s lluny de la realitat, tot comen\u00e7a a desmuntar-se i t&#8217;adones que el teu m\u00f3n tal com el coneixes es trenca i ja no hi ha marxa enrere.<\/p>\n<\/blockquote>\n<p><strong>\u00abRecuerdos Borrosos\u00bb<\/strong>\u00a0esta disponible a la <strong>papereria del Carrer Major<\/strong> per 15,90\u20ac i tamb\u00e9 al <strong>FNAC<\/strong>. A m\u00e9s si li demanes el llibre a Joan adre\u00e7ant-hi\u00a0al seg\u00fcent mail: <strong>democolor.barcelona@gmail.com<\/strong> el preu seria de<strong> 15\u20ac<\/strong>.<\/p>\n<p style=\"text-align: center;\"><a href=\"http:\/\/fegrama.cat\/web\/wp-content\/uploads\/2016\/01\/joanlibro.jpg\"><img loading=\"lazy\" decoding=\"async\" class=\"aligncenter  wp-image-14379\" alt=\"joanlibro\" src=\"http:\/\/fegrama.cat\/web\/wp-content\/uploads\/2016\/01\/joanlibro.jpg\" width=\"640\" height=\"480\" srcset=\"http:\/\/fegrama.cat\/web\/wp-content\/uploads\/2016\/01\/joanlibro.jpg 800w, http:\/\/fegrama.cat\/web\/wp-content\/uploads\/2016\/01\/joanlibro-300x225.jpg 300w\" sizes=\"auto, (max-width: 640px) 100vw, 640px\" \/><\/a><\/p>\n<p>Ayer por la tarde nuestro compa\u00f1ero y coordinador de los Prebenjamines, <strong>Joan Arag\u00f3<\/strong>, le dedic\u00f3 y firm\u00f3 su libro a nuestro presidente, <strong>Antonio Morales<\/strong>.\u00a0Este no es un relato cient\u00edfico sobre el Alzheimer, tampoco es un libro fotogr\u00e1fico, ni es un\u00a0drama, ni nada gore con mucha sangre y tripas, es simplemente un cuento con un formato casi\u00a0infantil de imagen y texto que cuenta una historia de adultos, de dos amigos y una larga\u00a0despedida.<\/p>\n<p>Es la historia sobre la enfermedad del Alzheimer, con 2 personajes (m\u00e9dico y paciente) que la\u00a0casualidad les lleva a encontrarse en esa situaci\u00f3n habiendo sido amigos de la infancia. Se\u00a0proponen hacer un ejercicio que trata de que cada dos semanas se reunir\u00e1n para ver fotos de su\u00a0vida y anotar los recuerdos que todav\u00eda le quedan. El libro entrelaza texto y 100 im\u00e1genes, la\u00a0parte visual ayuda y complementa esta historia sobre dos amigos y una lenta despedida.<\/p>\n<blockquote>\n<p style=\"text-align: center;\">A veces, cuando parece que la vida te empieza a tratar bien y todo est\u00e1 en armon\u00eda con tu lado interior, es cuando el destino te tiene guardados unos cambios de gui\u00f3n que no esperas\u2026\u00a0Nada m\u00e1s lejos de la realidad, todo empieza a desmontarse y te das cuenta que tu mundo tal\u00a0y como lo conoces se rompe y ya no hay marcha atr\u00e1s.<\/p>\n<\/blockquote>\n<p><strong>\u00abRecuerdos Borrosos\u00bb<\/strong> esta disponible en la <strong>papeler\u00eda de la Calle Mayor<\/strong> por 15,90\u20ac y tambi\u00e9n en <strong>FNAC<\/strong>. Adem\u00e1s si le pides el libro a Joan dirigi\u00e9ndote al siguiente mail: <strong>democolor.barcelona@gmail.com<\/strong> el precio ser\u00eda de <strong>15\u20ac<\/strong>.<\/p>\n","protected":false},"excerpt":{"rendered":"<p>Ahir a la tarda el nostre company i coordinador dels Prebenjamins, Joan Arag\u00f3, li va dedicar i signar el seu llibre al nostre president, Antonio Morales.\u00a0Aquest no \u00e9s un relat cient\u00edfic sobre l&#8217;Alzheimer, tampoc \u00e9s un llibre fotogr\u00e0fic, ni \u00e9s un drama, ni res gore amb molta sang i budells, \u00e9s simplement un conte amb [&hellip;]<\/p>\n","protected":false},"author":1,"featured_media":14379,"comment_status":"closed","ping_status":"closed","sticky":false,"template":"","format":"standard","meta":{"footnotes":""},"categories":[14],"tags":[23,24,1045],"class_list":["post-14377","post","type-post","status-publish","format-standard","has-post-thumbnail","hentry","category-noticies","tag-antonio-morales","tag-fundacio-esportiva-grama","tag-joan-arago"],"_links":{"self":[{"href":"http:\/\/fegrama.cat\/web\/wp-json\/wp\/v2\/posts\/14377","targetHints":{"allow":["GET"]}}],"collection":[{"href":"http:\/\/fegrama.cat\/web\/wp-json\/wp\/v2\/posts"}],"about":[{"href":"http:\/\/fegrama.cat\/web\/wp-json\/wp\/v2\/types\/post"}],"author":[{"embeddable":true,"href":"http:\/\/fegrama.cat\/web\/wp-json\/wp\/v2\/users\/1"}],"replies":[{"embeddable":true,"href":"http:\/\/fegrama.cat\/web\/wp-json\/wp\/v2\/comments?post=14377"}],"version-history":[{"count":5,"href":"http:\/\/fegrama.cat\/web\/wp-json\/wp\/v2\/posts\/14377\/revisions"}],"predecessor-version":[{"id":14408,"href":"http:\/\/fegrama.cat\/web\/wp-json\/wp\/v2\/posts\/14377\/revisions\/14408"}],"wp:featuredmedia":[{"embeddable":true,"href":"http:\/\/fegrama.cat\/web\/wp-json\/wp\/v2\/media\/14379"}],"wp:attachment":[{"href":"http:\/\/fegrama.cat\/web\/wp-json\/wp\/v2\/media?parent=14377"}],"wp:term":[{"taxonomy":"category","embeddable":true,"href":"http:\/\/fegrama.cat\/web\/wp-json\/wp\/v2\/categories?post=14377"},{"taxonomy":"post_tag","embeddable":true,"href":"http:\/\/fegrama.cat\/web\/wp-json\/wp\/v2\/tags?post=14377"}],"curies":[{"name":"wp","href":"https:\/\/api.w.org\/{rel}","templated":true}]}}