{"id":13711,"date":"2015-11-29T16:40:23","date_gmt":"2015-11-29T15:40:23","guid":{"rendered":"http:\/\/fegrama.cat\/web\/?p=13711"},"modified":"2015-11-29T16:40:23","modified_gmt":"2015-11-29T15:40:23","slug":"linfantil-alevi-va-empatar-al-camp-del-sants","status":"publish","type":"post","link":"http:\/\/fegrama.cat\/web\/linfantil-alevi-va-empatar-al-camp-del-sants\/","title":{"rendered":"L&#8217;Infantil-Alev\u00ed va empatar al camp del Sants"},"content":{"rendered":"<p>Al Camp de L&#8217;Energia l&#8217;UE Sants i l&#8217;Infantil-Alev\u00ed Femen\u00ed de la Fundaci\u00f3 Esportiva Grama van empatar a dos gols.<\/p>\n<p>Molt bon partit de les nostres noies, molt igualat, i en el qual van acusar la baixa d&#8217;Eva i les lesions en el partit de Sara i la portera Xenia. Al minut 8 Ariadna Mart\u00ednez avan\u00e7ava a les colomenques que van estar controlant durant la primera meitat per\u00f2 sense aconseguir crear perill, nom\u00e9s a pilota aturada.<\/p>\n<p>Les locals van aconseguir donar-li la volta al partit, els dos equips intentaven jugar la pilota per\u00f2 no aconseguien definir les jugades. Al tercer quart les nostres noies s&#8217;han crescut i han seguit intentant guanyar el partit, en diverses ocasions van poder sentenciar. Les alevinas Patricia i M\u00f3nica van col\u00b7laborar amb l&#8217;equip per\u00f2 malauradament no van poder endur-se una vict\u00f2ria.<\/p>\n<p>Ariadna Mart\u00ednez va aconseguir l&#8217;empat a dos final. Tercer partit consecutiu de les noies sense guanyar per\u00f2 l&#8217;important \u00e9s que deixen enrere les dues derrotes seguides que portaven.<\/p>\n<p style=\"text-align: center;\"><a href=\"http:\/\/fegrama.cat\/web\/wp-content\/uploads\/2015\/11\/infalevfem1516.jpg\"><img loading=\"lazy\" decoding=\"async\" class=\"aligncenter  wp-image-13580\" alt=\"O\" src=\"http:\/\/fegrama.cat\/web\/wp-content\/uploads\/2015\/11\/infalevfem1516.jpg\" width=\"640\" height=\"480\" \/><\/a><\/p>\n<p>En el Camp de L&#8217;Energia la UE Sants y el Infantil-Alev\u00edn Femenino de la Fundaci\u00f3 Esportiva Grama empataron a dos goles.<\/p>\n<p>Muy buen partido de nuestras chicas, muy igualado, y en el que acusaron la baja de Eva y las lesiones en el partido de Sara y la portera Xenia. En el minuto 8 Ariadna Mart\u00ednez adelantaba a las colomenses que estuvieron controlando durante la primera mitad\u00a0pero sin conseguir crear peligro, solo a bal\u00f3n parado.<\/p>\n<p>Las locales consiguieron darle la vuelta al partido, ambos equipos intentaban jugar el bal\u00f3n pero no consegu\u00edan definir las jugadas. En el tercer nuestras chicas se han crecido y han seguido intentando ganar el partido, en varias ocasiones pudieron sentenciar. Las alevinas Patricia y M\u00f3nica colaboraron con el equipo pero desgraciadamente\u00a0no pudieron llevarse una victoria.<\/p>\n<p>Ariadna Mart\u00ednez consigui\u00f3 el empate a dos final. Tercer partido consecutivo de las chicas sin ganar pero lo importante es que dejan atr\u00e1s las dos derrotas seguidas que llevaban.<\/p>\n<p>&nbsp;<\/p>\n","protected":false},"excerpt":{"rendered":"<p>Al Camp de L&#8217;Energia l&#8217;UE Sants i l&#8217;Infantil-Alev\u00ed Femen\u00ed de la Fundaci\u00f3 Esportiva Grama van empatar a dos gols. Molt bon partit de les nostres noies, molt igualat, i en el qual van acusar la baixa d&#8217;Eva i les lesions en el partit de Sara i la portera Xenia. Al minut 8 Ariadna Mart\u00ednez avan\u00e7ava [&hellip;]<\/p>\n","protected":false},"author":1,"featured_media":0,"comment_status":"closed","ping_status":"closed","sticky":false,"template":"","format":"standard","meta":{"footnotes":""},"categories":[4,13],"tags":[],"class_list":["post-13711","post","type-post","status-publish","format-standard","hentry","category-base-inclusiu","category-femeni"],"_links":{"self":[{"href":"http:\/\/fegrama.cat\/web\/wp-json\/wp\/v2\/posts\/13711","targetHints":{"allow":["GET"]}}],"collection":[{"href":"http:\/\/fegrama.cat\/web\/wp-json\/wp\/v2\/posts"}],"about":[{"href":"http:\/\/fegrama.cat\/web\/wp-json\/wp\/v2\/types\/post"}],"author":[{"embeddable":true,"href":"http:\/\/fegrama.cat\/web\/wp-json\/wp\/v2\/users\/1"}],"replies":[{"embeddable":true,"href":"http:\/\/fegrama.cat\/web\/wp-json\/wp\/v2\/comments?post=13711"}],"version-history":[{"count":1,"href":"http:\/\/fegrama.cat\/web\/wp-json\/wp\/v2\/posts\/13711\/revisions"}],"predecessor-version":[{"id":13712,"href":"http:\/\/fegrama.cat\/web\/wp-json\/wp\/v2\/posts\/13711\/revisions\/13712"}],"wp:attachment":[{"href":"http:\/\/fegrama.cat\/web\/wp-json\/wp\/v2\/media?parent=13711"}],"wp:term":[{"taxonomy":"category","embeddable":true,"href":"http:\/\/fegrama.cat\/web\/wp-json\/wp\/v2\/categories?post=13711"},{"taxonomy":"post_tag","embeddable":true,"href":"http:\/\/fegrama.cat\/web\/wp-json\/wp\/v2\/tags?post=13711"}],"curies":[{"name":"wp","href":"https:\/\/api.w.org\/{rel}","templated":true}]}}