{"id":13103,"date":"2015-10-25T17:45:40","date_gmt":"2015-10-25T16:45:40","guid":{"rendered":"http:\/\/fegrama.cat\/web\/?p=13103"},"modified":"2015-10-25T17:45:40","modified_gmt":"2015-10-25T16:45:40","slug":"linfantil-alevi-va-guanyar-un-amistos-fora-de-casa","status":"publish","type":"post","link":"http:\/\/fegrama.cat\/web\/linfantil-alevi-va-guanyar-un-amistos-fora-de-casa\/","title":{"rendered":"L&#8217;Infantil-Alev\u00ed va guanyar un amist\u00f3s fora de casa"},"content":{"rendered":"<p>L&#8217;Infantil-Alev\u00ed va jugar un partit amist\u00f3s fora de casa que va servir per no perdre la forma, donar minuts a totes les jugadores i fins i tot a algunes noies de l&#8217;Alev\u00ed-Benjam\u00ed que finalment no va tenir partit de lliga.<\/p>\n<p>Un partit davant l&#8217;Espluguenc que els va servir a les colomenques per perfeccionar moviments i circulaci\u00f3 de la pilota. No van tenir la intensitat habitual com en els partit de lliga, per\u00f2 els va ser molt b\u00e9 per no perdre el ritme i treballar aspectes a millorar. Els dos gols del rival van ser dos errors defensius que serviran per guanyar confian\u00e7a en defensa i de rodatge per a la Lliga.<\/p>\n<p>Un gol d&#8217;Eva i 3 de Sara van donar la vict\u00f2ria a les nostres noies.<\/p>\n<p>[divider]<\/p>\n<p>El Infantil-Alev\u00edn jug\u00f3 un partido amistoso fuera de casa que sirvi\u00f3 para no perder la forma, dar minutos a todas las jugadoras e incluso a algunas chicas del Alev\u00edn-Benjam\u00edn que finalmente no tuvo partido de liga.<\/p>\n<p>Un partido ante el Espluguenc que les sirvi\u00f3 a las colomenses para perfeccionar movimientos y circulaci\u00f3n del bal\u00f3n. No tuvieron la intensidad habitual como en los partido de liga, pero les fue muy bien para no perder el ritmo y trabajar aspectos a mejorar. Los dos goles del rival fueron dos fallos defensivos que servir\u00e1n para para ganar confianza en defensa y de rodaje para la Liga.<\/p>\n<p>Un gol de Eva y tres de Sara dieron la victoria a nuestras chicas.<\/p>\n","protected":false},"excerpt":{"rendered":"<p>L&#8217;Infantil-Alev\u00ed va jugar un partit amist\u00f3s fora de casa que va servir per no perdre la forma, donar minuts a totes les jugadores i fins i tot a algunes noies de l&#8217;Alev\u00ed-Benjam\u00ed que finalment no va tenir partit de lliga. Un partit davant l&#8217;Espluguenc que els va servir a les colomenques per perfeccionar moviments i [&hellip;]<\/p>\n","protected":false},"author":1,"featured_media":0,"comment_status":"closed","ping_status":"closed","sticky":false,"template":"","format":"standard","meta":{"footnotes":""},"categories":[4,13],"tags":[],"class_list":["post-13103","post","type-post","status-publish","format-standard","hentry","category-base-inclusiu","category-femeni"],"_links":{"self":[{"href":"http:\/\/fegrama.cat\/web\/wp-json\/wp\/v2\/posts\/13103","targetHints":{"allow":["GET"]}}],"collection":[{"href":"http:\/\/fegrama.cat\/web\/wp-json\/wp\/v2\/posts"}],"about":[{"href":"http:\/\/fegrama.cat\/web\/wp-json\/wp\/v2\/types\/post"}],"author":[{"embeddable":true,"href":"http:\/\/fegrama.cat\/web\/wp-json\/wp\/v2\/users\/1"}],"replies":[{"embeddable":true,"href":"http:\/\/fegrama.cat\/web\/wp-json\/wp\/v2\/comments?post=13103"}],"version-history":[{"count":1,"href":"http:\/\/fegrama.cat\/web\/wp-json\/wp\/v2\/posts\/13103\/revisions"}],"predecessor-version":[{"id":13104,"href":"http:\/\/fegrama.cat\/web\/wp-json\/wp\/v2\/posts\/13103\/revisions\/13104"}],"wp:attachment":[{"href":"http:\/\/fegrama.cat\/web\/wp-json\/wp\/v2\/media?parent=13103"}],"wp:term":[{"taxonomy":"category","embeddable":true,"href":"http:\/\/fegrama.cat\/web\/wp-json\/wp\/v2\/categories?post=13103"},{"taxonomy":"post_tag","embeddable":true,"href":"http:\/\/fegrama.cat\/web\/wp-json\/wp\/v2\/tags?post=13103"}],"curies":[{"name":"wp","href":"https:\/\/api.w.org\/{rel}","templated":true}]}}