{"id":12986,"date":"2015-10-17T21:00:15","date_gmt":"2015-10-17T20:00:15","guid":{"rendered":"http:\/\/fegrama.cat\/web\/?p=12986"},"modified":"2015-10-19T10:00:51","modified_gmt":"2015-10-19T09:00:51","slug":"linfantil-c-va-golejar-a-la-fp-hermes","status":"publish","type":"post","link":"http:\/\/fegrama.cat\/web\/linfantil-c-va-golejar-a-la-fp-hermes\/","title":{"rendered":"L&#8217;Infantil C va golejar a la FP Hermes"},"content":{"rendered":"<p>Despr\u00e9s d&#8217;un empat i una derrota en el tercer partit va arribar la primera vict\u00f2ria de la temporada; golejada per 7-1 davant la Fundaci\u00f3 Privada Hermes. L&#8217;equip de Juan D.S\u00e1nchez i V\u00edctor Salas puja al vuit\u00e8 lloc de la lliga.<\/p>\n<p>L&#8217;Infantil C va ser molt superior durant tot el xoc, ja en el minut 26 manaven 3-0 amb dos gols de Pau Mata i un d&#8217;\u00c1ngel Modesto, molt domini i claredat en el seu joc demostrava la Grama.<\/p>\n<p>Just abans del descans en un c\u00f3rner i davant la gran al\u00e7ada dels seus jugadors escur\u00e7ava dist\u00e0ncies el rival. A la segona part la superioritat va augmentar amb molt bones combinacions dels colomencs que van aconseguir d&#8217;aquesta manera marcar quatre gols m\u00e9s obra de: Miguel P\u00e9rez, V\u00edctor Castillero, \u00c1ngel Modesto i Pau Mata.<\/p>\n<blockquote><p>V\u00edctor Salas: \u00abContent amb l&#8217;actitud de l&#8217;equip, vam donar un pas endavant respecte als partits anteriors. Els gols realitzats avui segur que ens donaran confian\u00e7a per afrontar els seg\u00fcents partits.\u00bb<\/p><\/blockquote>\n<p><a href=\"http:\/\/fegrama.cat\/web\/wp-content\/uploads\/2015\/10\/infC1516.jpg\"><img loading=\"lazy\" decoding=\"async\" class=\"aligncenter size-large wp-image-12987\" alt=\"infC1516\" src=\"http:\/\/fegrama.cat\/web\/wp-content\/uploads\/2015\/10\/infC1516-1024x574.jpg\" width=\"618\" height=\"346\" \/><\/a><\/p>\n<p>Despu\u00e9s de un empate y una derrota en el tercer partido lleg\u00f3 la primera victoria de la temporada; goleada por 7-1 ante la Fundaci\u00f3n Privada Hermes. El equipo de\u00a0Juan D.S\u00e1nchez y V\u00edctor Salas sube al octavo puesto de la liga.<\/p>\n<p>El Infantil C fue muy superior durante todo el choque, ya en el minuto 26 mandaban 3-0 con dos goles de Pau Mata y uno de \u00c1ngel Modesto, mucho dominio y claridad en su juego demostraba la Grama.<\/p>\n<p>Justo antes del descanso en un c\u00f3rner\u00a0y ante la gran altura de sus jugadores acortaba distancias el rival. En la segunda parte la superioridad se acrecent\u00f3 con muy buenas combinaciones de los colomenses que consiguieron de esa manera marcar cuatro goles m\u00e1s obra de: Miguel P\u00e9rez, V\u00edctor Castillero, \u00c1ngel Modesto y Pau Mata.<\/p>\n<blockquote><p>V\u00edctor Salas: \u00abContento con la actitud del equipo, dimos un paso al frente respecto a los partidos anteriores. Los goles realizados hoy seguro que nos dar\u00e1n confianza para afrontar los siguientes partidos.\u00bb<\/p><\/blockquote>\n","protected":false},"excerpt":{"rendered":"<p>Despr\u00e9s d&#8217;un empat i una derrota en el tercer partit va arribar la primera vict\u00f2ria de la temporada; golejada per 7-1 davant la Fundaci\u00f3 Privada Hermes. L&#8217;equip de Juan D.S\u00e1nchez i V\u00edctor Salas puja al vuit\u00e8 lloc de la lliga. L&#8217;Infantil C va ser molt superior durant tot el xoc, ja en el minut 26 [&hellip;]<\/p>\n","protected":false},"author":1,"featured_media":0,"comment_status":"closed","ping_status":"closed","sticky":false,"template":"","format":"standard","meta":{"footnotes":""},"categories":[4,9],"tags":[],"class_list":["post-12986","post","type-post","status-publish","format-standard","hentry","category-base-inclusiu","category-infantils"],"_links":{"self":[{"href":"http:\/\/fegrama.cat\/web\/wp-json\/wp\/v2\/posts\/12986","targetHints":{"allow":["GET"]}}],"collection":[{"href":"http:\/\/fegrama.cat\/web\/wp-json\/wp\/v2\/posts"}],"about":[{"href":"http:\/\/fegrama.cat\/web\/wp-json\/wp\/v2\/types\/post"}],"author":[{"embeddable":true,"href":"http:\/\/fegrama.cat\/web\/wp-json\/wp\/v2\/users\/1"}],"replies":[{"embeddable":true,"href":"http:\/\/fegrama.cat\/web\/wp-json\/wp\/v2\/comments?post=12986"}],"version-history":[{"count":1,"href":"http:\/\/fegrama.cat\/web\/wp-json\/wp\/v2\/posts\/12986\/revisions"}],"predecessor-version":[{"id":12988,"href":"http:\/\/fegrama.cat\/web\/wp-json\/wp\/v2\/posts\/12986\/revisions\/12988"}],"wp:attachment":[{"href":"http:\/\/fegrama.cat\/web\/wp-json\/wp\/v2\/media?parent=12986"}],"wp:term":[{"taxonomy":"category","embeddable":true,"href":"http:\/\/fegrama.cat\/web\/wp-json\/wp\/v2\/categories?post=12986"},{"taxonomy":"post_tag","embeddable":true,"href":"http:\/\/fegrama.cat\/web\/wp-json\/wp\/v2\/tags?post=12986"}],"curies":[{"name":"wp","href":"https:\/\/api.w.org\/{rel}","templated":true}]}}