{"id":12955,"date":"2015-10-18T18:05:19","date_gmt":"2015-10-18T17:05:19","guid":{"rendered":"http:\/\/fegrama.cat\/web\/?p=12955"},"modified":"2015-10-18T18:05:19","modified_gmt":"2015-10-18T17:05:19","slug":"linfantil-alevi-va-guanyar-a-cabrera-de-mar","status":"publish","type":"post","link":"http:\/\/fegrama.cat\/web\/linfantil-alevi-va-guanyar-a-cabrera-de-mar\/","title":{"rendered":"L&#8217;Infantil-Alev\u00ed va guanyar a Cabrera de Mar"},"content":{"rendered":"<p>Dos partits jugats i dues vict\u00f2ries per a l&#8217;Infantil-Alev\u00ed que aquesta jornada va ser dirigit per Rub\u00e9n David Hern\u00e1ndez. A Cabrera de Mar les colomenques van guanyar 1-4.<\/p>\n<p>Resultat engany\u00f3s ja que les noies no van acabar de jugar del tot b\u00e9, no van acabar de conv\u00e8ncer per\u00f2 van estar efectives de cara a porta una cosa molt important per endur-se els tres punts. Alba Garc\u00eda i Sara Aljaro van posar en el primer quart un marcador de 0-2 despr\u00e9s d&#8217;aix\u00f2 arribaria la relaxaci\u00f3 i l&#8217;UE Cabrera aprofitaria per retallar dist\u00e0ncies.<\/p>\n<p>Quan patia la Grama arribaria la reacci\u00f3 amb dos gols m\u00e9s, obra d&#8217;Eva Del Pilar i de nou Sara Aljaro. Tot i haver guanyat 1-4 el resultat podria haver estat millor, va faltar una mica de tensi\u00f3 i menys relaxaci\u00f3 per\u00f2 sens dubte el m\u00e9s important \u00e9s que van tornar a guanyar per seguir a la part alta de la taula.<\/p>\n<p>[divider]<\/p>\n<p>Dos partidos jugados y dos victorias para el Infantil-Alev\u00edn que esta jornada fue dirigido por Rub\u00e9n David Hern\u00e1ndez. En Cabrera de Mar las colomenses ganaron 1-4.<\/p>\n<p>Resultado enga\u00f1oso ya que las chicas no acabaron de jugar del todo bien, no acabaron de convencer pero estuvieron efectivas de cara a puerta algo muy importante para llevarse los tres puntos. Alba Garc\u00eda y Sara Aljaro pusieron en el primer cuarto un marcador de 0-2 tras ello llegar\u00eda la relajaci\u00f3n y la UE Cabrera aprovechar\u00eda para recortar distancias.<\/p>\n<p>Cuando sufr\u00eda la Grama llegar\u00eda la reacci\u00f3n con dos goles m\u00e1s, obra de Eva Del Pilar y de nuevo Sara Aljaro.\u00a0A pesar de haber ganado 1-4 el resultado podr\u00eda haber sido un mejor, falt\u00f3 un poco de tensi\u00f3n y menos relajaci\u00f3n pero sin duda lo m\u00e1s importante es que volvieron a ganar para seguir en lo alto de la tabla.<\/p>\n","protected":false},"excerpt":{"rendered":"<p>Dos partits jugats i dues vict\u00f2ries per a l&#8217;Infantil-Alev\u00ed que aquesta jornada va ser dirigit per Rub\u00e9n David Hern\u00e1ndez. A Cabrera de Mar les colomenques van guanyar 1-4. Resultat engany\u00f3s ja que les noies no van acabar de jugar del tot b\u00e9, no van acabar de conv\u00e8ncer per\u00f2 van estar efectives de cara a porta [&hellip;]<\/p>\n","protected":false},"author":1,"featured_media":0,"comment_status":"closed","ping_status":"closed","sticky":false,"template":"","format":"standard","meta":{"footnotes":""},"categories":[4,13],"tags":[399,920],"class_list":["post-12955","post","type-post","status-publish","format-standard","hentry","category-base-inclusiu","category-femeni","tag-fegrama","tag-ue-cabrera"],"_links":{"self":[{"href":"http:\/\/fegrama.cat\/web\/wp-json\/wp\/v2\/posts\/12955","targetHints":{"allow":["GET"]}}],"collection":[{"href":"http:\/\/fegrama.cat\/web\/wp-json\/wp\/v2\/posts"}],"about":[{"href":"http:\/\/fegrama.cat\/web\/wp-json\/wp\/v2\/types\/post"}],"author":[{"embeddable":true,"href":"http:\/\/fegrama.cat\/web\/wp-json\/wp\/v2\/users\/1"}],"replies":[{"embeddable":true,"href":"http:\/\/fegrama.cat\/web\/wp-json\/wp\/v2\/comments?post=12955"}],"version-history":[{"count":1,"href":"http:\/\/fegrama.cat\/web\/wp-json\/wp\/v2\/posts\/12955\/revisions"}],"predecessor-version":[{"id":12956,"href":"http:\/\/fegrama.cat\/web\/wp-json\/wp\/v2\/posts\/12955\/revisions\/12956"}],"wp:attachment":[{"href":"http:\/\/fegrama.cat\/web\/wp-json\/wp\/v2\/media?parent=12955"}],"wp:term":[{"taxonomy":"category","embeddable":true,"href":"http:\/\/fegrama.cat\/web\/wp-json\/wp\/v2\/categories?post=12955"},{"taxonomy":"post_tag","embeddable":true,"href":"http:\/\/fegrama.cat\/web\/wp-json\/wp\/v2\/tags?post=12955"}],"curies":[{"name":"wp","href":"https:\/\/api.w.org\/{rel}","templated":true}]}}