{"id":12951,"date":"2015-10-18T10:00:59","date_gmt":"2015-10-18T09:00:59","guid":{"rendered":"http:\/\/fegrama.cat\/web\/?p=12951"},"modified":"2015-10-18T17:42:39","modified_gmt":"2015-10-18T16:42:39","slug":"el-benjami-f-no-va-poder-puntuar-al-poble-nou","status":"publish","type":"post","link":"http:\/\/fegrama.cat\/web\/el-benjami-f-no-va-poder-puntuar-al-poble-nou\/","title":{"rendered":"El Benjam\u00ed F no va poder puntuar al Poble Nou"},"content":{"rendered":"<p>El Benjam\u00ed F no aconsegueix marcar el seu primer gol en lliga i torna a perdre, aquest cop 7-0 davant el At.Poble Nou.<\/p>\n<p>Els m\u00e9s petits de benjamins no van aconseguir fer el seu joc i encara que tot i aix\u00ed van tenir bones oportunitats de gol no van aconseguir definir davant un rival molt fort i de segon any.<\/p>\n<p>La setmana que ve tocar\u00e0 lluitar a casa pels primers punts.<\/p>\n<p>[divider]<\/p>\n<p>El Benjam\u00edn F no consigue marca su primer gol en liga y vuelve a perder, esta vez 7-0 ante el At.Poble Nou.<\/p>\n<p>Los m\u00e1s peque\u00f1os de benjamines no consiguieron hacer su juego y\u00a0aunque a\u00fan as\u00ed tuvieron buenas oportunidades de gol no consiguieron definir ante un rival muy fuerte y de segundo a\u00f1o.<\/p>\n<p>La semana que viene tocar\u00e1 luchar en casa por los primeros puntos.<\/p>\n","protected":false},"excerpt":{"rendered":"<p>El Benjam\u00ed F no aconsegueix marcar el seu primer gol en lliga i torna a perdre, aquest cop 7-0 davant el At.Poble Nou. Els m\u00e9s petits de benjamins no van aconseguir fer el seu joc i encara que tot i aix\u00ed van tenir bones oportunitats de gol no van aconseguir definir davant un rival molt [&hellip;]<\/p>\n","protected":false},"author":1,"featured_media":0,"comment_status":"closed","ping_status":"closed","sticky":false,"template":"","format":"standard","meta":{"footnotes":""},"categories":[4,11],"tags":[],"class_list":["post-12951","post","type-post","status-publish","format-standard","hentry","category-base-inclusiu","category-benjamins"],"_links":{"self":[{"href":"http:\/\/fegrama.cat\/web\/wp-json\/wp\/v2\/posts\/12951","targetHints":{"allow":["GET"]}}],"collection":[{"href":"http:\/\/fegrama.cat\/web\/wp-json\/wp\/v2\/posts"}],"about":[{"href":"http:\/\/fegrama.cat\/web\/wp-json\/wp\/v2\/types\/post"}],"author":[{"embeddable":true,"href":"http:\/\/fegrama.cat\/web\/wp-json\/wp\/v2\/users\/1"}],"replies":[{"embeddable":true,"href":"http:\/\/fegrama.cat\/web\/wp-json\/wp\/v2\/comments?post=12951"}],"version-history":[{"count":1,"href":"http:\/\/fegrama.cat\/web\/wp-json\/wp\/v2\/posts\/12951\/revisions"}],"predecessor-version":[{"id":12952,"href":"http:\/\/fegrama.cat\/web\/wp-json\/wp\/v2\/posts\/12951\/revisions\/12952"}],"wp:attachment":[{"href":"http:\/\/fegrama.cat\/web\/wp-json\/wp\/v2\/media?parent=12951"}],"wp:term":[{"taxonomy":"category","embeddable":true,"href":"http:\/\/fegrama.cat\/web\/wp-json\/wp\/v2\/categories?post=12951"},{"taxonomy":"post_tag","embeddable":true,"href":"http:\/\/fegrama.cat\/web\/wp-json\/wp\/v2\/tags?post=12951"}],"curies":[{"name":"wp","href":"https:\/\/api.w.org\/{rel}","templated":true}]}}