{"id":12943,"date":"2015-10-18T17:03:11","date_gmt":"2015-10-18T16:03:11","guid":{"rendered":"http:\/\/fegrama.cat\/web\/?p=12943"},"modified":"2015-10-18T17:43:30","modified_gmt":"2015-10-18T16:43:30","slug":"el-benjami-c-va-guanyar-al-camp-del-trajana","status":"publish","type":"post","link":"http:\/\/fegrama.cat\/web\/el-benjami-c-va-guanyar-al-camp-del-trajana\/","title":{"rendered":"El Benjam\u00ed C va guanyar al camp del Trajana"},"content":{"rendered":"<p>Despr\u00e9s de tres jornades l&#8217;equip es mant\u00e9 primer amb 9 punts i 17 gols a favor (i nom\u00e9s 3 en contra). Aquesta setmana a Sant Adri\u00e0 de Bes\u00f2s l&#8217;equip va aconseguir una treballada vict\u00f2ria per 2-3 davant el Trajana.<\/p>\n<p>Molt va haver de treballar el Benjam\u00ed C de Marcos D\u00edaz per endur-se els tres punts; els locals van aconseguir en els primers 15 minuts posar-se 2-0 gr\u00e0cies a errades defensives i relaxacions dels colomencs.<\/p>\n<p>Un gol de Kevin i dos de Juanjo van donar la volta al marcador per remuntar i seguir a dalt de la classificaci\u00f3 una jornada m\u00e9s.<\/p>\n<p>[divider]<\/p>\n<p>Tras tres jornadas el equipo se mantiene primero con 9 puntos \u00a0y 17 goles a favor (y solo 3 en contra). Esta semana en Sant Adri\u00e0 de Bes\u00f2s el equipo consigui\u00f3 una trabajada victoria por 2-3 ante el Trajana.<\/p>\n<p>Mucho tuvo que trabajar el Benjam\u00edn C de Marcos D\u00edaz para llevarse los tres puntos; los locales consiguieron en los primeros 15 minutos ponerse 2-0 gracias a fallos defensivos y relajaciones de los colomenses.<\/p>\n<p>Un gol de Kevin y dos de Juanjo dieron la vuelta al marcador para remontar y seguir arriba de la clasificaci\u00f3n una jornada m\u00e1s.<\/p>\n","protected":false},"excerpt":{"rendered":"<p>Despr\u00e9s de tres jornades l&#8217;equip es mant\u00e9 primer amb 9 punts i 17 gols a favor (i nom\u00e9s 3 en contra). Aquesta setmana a Sant Adri\u00e0 de Bes\u00f2s l&#8217;equip va aconseguir una treballada vict\u00f2ria per 2-3 davant el Trajana. Molt va haver de treballar el Benjam\u00ed C de Marcos D\u00edaz per endur-se els tres punts; [&hellip;]<\/p>\n","protected":false},"author":1,"featured_media":0,"comment_status":"closed","ping_status":"closed","sticky":false,"template":"","format":"standard","meta":{"footnotes":""},"categories":[4,11],"tags":[399,262],"class_list":["post-12943","post","type-post","status-publish","format-standard","hentry","category-base-inclusiu","category-benjamins","tag-fegrama","tag-trajana-penya-barcelonista"],"_links":{"self":[{"href":"http:\/\/fegrama.cat\/web\/wp-json\/wp\/v2\/posts\/12943","targetHints":{"allow":["GET"]}}],"collection":[{"href":"http:\/\/fegrama.cat\/web\/wp-json\/wp\/v2\/posts"}],"about":[{"href":"http:\/\/fegrama.cat\/web\/wp-json\/wp\/v2\/types\/post"}],"author":[{"embeddable":true,"href":"http:\/\/fegrama.cat\/web\/wp-json\/wp\/v2\/users\/1"}],"replies":[{"embeddable":true,"href":"http:\/\/fegrama.cat\/web\/wp-json\/wp\/v2\/comments?post=12943"}],"version-history":[{"count":1,"href":"http:\/\/fegrama.cat\/web\/wp-json\/wp\/v2\/posts\/12943\/revisions"}],"predecessor-version":[{"id":12944,"href":"http:\/\/fegrama.cat\/web\/wp-json\/wp\/v2\/posts\/12943\/revisions\/12944"}],"wp:attachment":[{"href":"http:\/\/fegrama.cat\/web\/wp-json\/wp\/v2\/media?parent=12943"}],"wp:term":[{"taxonomy":"category","embeddable":true,"href":"http:\/\/fegrama.cat\/web\/wp-json\/wp\/v2\/categories?post=12943"},{"taxonomy":"post_tag","embeddable":true,"href":"http:\/\/fegrama.cat\/web\/wp-json\/wp\/v2\/tags?post=12943"}],"curies":[{"name":"wp","href":"https:\/\/api.w.org\/{rel}","templated":true}]}}