{"id":12938,"date":"2015-10-18T17:15:45","date_gmt":"2015-10-18T16:15:45","guid":{"rendered":"http:\/\/fegrama.cat\/web\/?p=12938"},"modified":"2015-10-18T17:15:45","modified_gmt":"2015-10-18T16:15:45","slug":"resum-dels-partits-de-les-escoles-17-doctubre","status":"publish","type":"post","link":"http:\/\/fegrama.cat\/web\/resum-dels-partits-de-les-escoles-17-doctubre\/","title":{"rendered":"Resum dels partits de les Escoles (17 d&#8217;octubre)"},"content":{"rendered":"<p><strong>ESCOLA B 3-7 ESCOLA A<\/strong><\/p>\n<p>El xoc entre &#8216;germans&#8217; que es disputava al Municipal Les Oliveres se l&#8217;emportaria l&#8217;Escola A que suma ja dues vict\u00f2ries en aquest inici de CADECA. Els nois de Jonathan Fortea i els de Jos\u00e9 Fortea ens van fer gaudir d&#8217;un partit emocionant entre les dues escoles de la Fundaci\u00f3; ambd\u00f3s conjunts van demostrar que tenen gran nivell per fer una gran temporada.<\/p>\n<p>El choque entre &#8216;hermanos&#8217; que se disputaba en el Municipal Les Oliveres se lo llevar\u00eda la Escuela A que suma ya dos victorias en este inicio de CADECA.\u00a0Los chicos de Jonathan Fortea y los de Jos\u00e9 Fortea nos hicieron disfrutar de un\u00a0partido emocionante entre las dos escuelas de la Fundaci\u00f3; ambos conjuntos demostraron que tienen gran nivel para hacer una gran temporada.<\/p>\n<figure id=\"attachment_12888\" aria-describedby=\"caption-attachment-12888\" style=\"width: 672px\" class=\"wp-caption aligncenter\"><a href=\"http:\/\/fegrama.cat\/web\/wp-content\/uploads\/2013\/12\/escuelaA1516.jpg\"><img loading=\"lazy\" decoding=\"async\" class=\" wp-image-12888 \" alt=\"Escola A\" src=\"http:\/\/fegrama.cat\/web\/wp-content\/uploads\/2013\/12\/escuelaA1516.jpg\" width=\"672\" height=\"504\" \/><\/a><figcaption id=\"caption-attachment-12888\" class=\"wp-caption-text\"><strong>Escola A<\/strong><\/figcaption><\/figure>\n<p><strong>ESCOLA C 12-2 Penya Barcelonista Cinc Copes B<\/strong><\/p>\n<p>Debut perfecte per a l&#8217;equip dirigit per Xavi. A Les Oliveres nom\u00e9s vam poder veure un equip sobre la gespa, la FE Grama que va ser molt superior al seu rival i va demostrar que t\u00e9 molta qualitat per fer una gran temporada a Cadeca.<\/p>\n<p>Debut perfecto para el equipo dirigido por Xabi. En Les Oliveres solo pudimos ver un equipo sobre el c\u00e9sped, la FE Grama que fue muy superior a su rival y demostr\u00f3 que tiene mucha calidad para realizar una gran temporada en Cadeca.<\/p>\n","protected":false},"excerpt":{"rendered":"<p>ESCOLA B 3-7 ESCOLA A El xoc entre &#8216;germans&#8217; que es disputava al Municipal Les Oliveres se l&#8217;emportaria l&#8217;Escola A que suma ja dues vict\u00f2ries en aquest inici de CADECA. Els nois de Jonathan Fortea i els de Jos\u00e9 Fortea ens van fer gaudir d&#8217;un partit emocionant entre les dues escoles de la Fundaci\u00f3; ambd\u00f3s [&hellip;]<\/p>\n","protected":false},"author":1,"featured_media":0,"comment_status":"closed","ping_status":"closed","sticky":false,"template":"","format":"standard","meta":{"footnotes":""},"categories":[4,33],"tags":[24,802,130],"class_list":["post-12938","post","type-post","status-publish","format-standard","hentry","category-base-inclusiu","category-escola-diari-feg","tag-fundacio-esportiva-grama","tag-municipal-les-oliveres","tag-santa-coloma-de-gramenet"],"_links":{"self":[{"href":"http:\/\/fegrama.cat\/web\/wp-json\/wp\/v2\/posts\/12938","targetHints":{"allow":["GET"]}}],"collection":[{"href":"http:\/\/fegrama.cat\/web\/wp-json\/wp\/v2\/posts"}],"about":[{"href":"http:\/\/fegrama.cat\/web\/wp-json\/wp\/v2\/types\/post"}],"author":[{"embeddable":true,"href":"http:\/\/fegrama.cat\/web\/wp-json\/wp\/v2\/users\/1"}],"replies":[{"embeddable":true,"href":"http:\/\/fegrama.cat\/web\/wp-json\/wp\/v2\/comments?post=12938"}],"version-history":[{"count":3,"href":"http:\/\/fegrama.cat\/web\/wp-json\/wp\/v2\/posts\/12938\/revisions"}],"predecessor-version":[{"id":12946,"href":"http:\/\/fegrama.cat\/web\/wp-json\/wp\/v2\/posts\/12938\/revisions\/12946"}],"wp:attachment":[{"href":"http:\/\/fegrama.cat\/web\/wp-json\/wp\/v2\/media?parent=12938"}],"wp:term":[{"taxonomy":"category","embeddable":true,"href":"http:\/\/fegrama.cat\/web\/wp-json\/wp\/v2\/categories?post=12938"},{"taxonomy":"post_tag","embeddable":true,"href":"http:\/\/fegrama.cat\/web\/wp-json\/wp\/v2\/tags?post=12938"}],"curies":[{"name":"wp","href":"https:\/\/api.w.org\/{rel}","templated":true}]}}