{"id":12933,"date":"2015-10-18T18:21:35","date_gmt":"2015-10-18T17:21:35","guid":{"rendered":"http:\/\/fegrama.cat\/web\/?p=12933"},"modified":"2015-10-18T18:21:35","modified_gmt":"2015-10-18T17:21:35","slug":"quasi-tots-els-prebenjamins-van-guanyar-els-seus-partits","status":"publish","type":"post","link":"http:\/\/fegrama.cat\/web\/quasi-tots-els-prebenjamins-van-guanyar-els-seus-partits\/","title":{"rendered":"Quasi tots els Prebenjamins van guanyar els seus partits"},"content":{"rendered":"<p><strong>CF Monta\u00f1esa 2-3 PREBENJAM\u00cd A<\/strong><\/p>\n<p>L&#8217;equip de Juanma Amate va aconseguir emportar-se la vict\u00f2ria davant un rival invicte. El partit va comen\u00e7ar de la millor manera amb el 0-1 per\u00f2 la reacci\u00f3 local va ser immediata amb un gol en un c\u00f3rner, amb aquest resultat es marxarien els dos equips al descans. En el tercer quart un mal ref\u00fas costava el 2-1 per\u00f2 els colomencs no van abaixar els bra\u00e7os i en els \u00faltims dos minuts de partit va aconseguir la remuntada.<\/p>\n<p>El equipo de Juanma Amate consigui\u00f3 llevarse la victoria ante un rival invicto. El partido comenz\u00f3 de la mejor manera con el 0-1 pero la reacci\u00f3n local fue inmediata con un gol en un saque de esquina, con ese resultado se marchar\u00edan los dos equipos al descanso. En el tercer cuarto un mal despeje costaba el 2-1 pero los colomenses no bajaron los brazos y en los \u00faltimos dos minutos de partido consigui\u00f3 la remontada.<\/p>\n<p style=\"text-align: center;\"><a href=\"http:\/\/fegrama.cat\/web\/wp-content\/uploads\/2015\/10\/fegbdnprebB.jpg\"><img loading=\"lazy\" decoding=\"async\" class=\"aligncenter  wp-image-12934\" alt=\"fegbdnprebB\" src=\"http:\/\/fegrama.cat\/web\/wp-content\/uploads\/2015\/10\/fegbdnprebB.jpg\" width=\"560\" height=\"420\" \/><\/a><\/p>\n<p><strong>PREBENJAM\u00cd B 6-0 CF Badalona B\u00a0<\/strong><em>(FOTOS DEL PARTIT:\u00a0<a href=\"https:\/\/goo.gl\/photos\/oKgTQJW7Wy7KqdGEA\" target=\"_blank\">https:\/\/goo.gl\/photos\/oKgTQJW7Wy7KqdGEA<\/a>)<\/em><\/p>\n<p>Els nois d&#8217;Alejandro Rosa i Hugo Rosa van sumar la segona vict\u00f2ria de la temporada i de nou golejant, aquest cop 6-0. Des del primer minut l&#8217;equip va mostrar serietat, for\u00e7a i bon joc. El marcador aviat es va obrir amb gol de David, la reacci\u00f3 visitant mai arribaria despr\u00e9s d&#8217;una defensa espl\u00e8ndida amb Deyvis, Xavi i Izan parant qualsevol situaci\u00f3 de perill.<\/p>\n<p>Los chicos de Alejandro Rosa y Hugo Rosa sumaron la segunda victoria de la temporada y de nuevo goleando, esta vez 6-0. Desde el primero minuto el equipo mostr\u00f3 seriedad, fuerza y buen juego. El marcador pronto se abri\u00f3 con gol de David, la reacci\u00f3n visitante nunca llegar\u00eda despu\u00e9s de una defensa esplendida con Deyvis, Xavi e Izan parando cualquier situaci\u00f3n de peligro.<\/p>\n<p style=\"text-align: center;\">\u00a0<a href=\"http:\/\/fegrama.cat\/web\/wp-content\/uploads\/2013\/12\/prebC1516.jpg\"><img loading=\"lazy\" decoding=\"async\" class=\"aligncenter  wp-image-12885\" alt=\"prebC1516\" src=\"http:\/\/fegrama.cat\/web\/wp-content\/uploads\/2013\/12\/prebC1516.jpg\" width=\"672\" height=\"504\" \/><\/a><\/p>\n<p><strong>CE Vila Ol\u00edmpica E 0-2 PREBENJAM\u00cd C<\/strong><\/p>\n<p>Primera vict\u00f2ria per als colomencs en un partit totalment dominat davant un rival que arribava despr\u00e9s de guanyar els seus dos primers partits. La manca d&#8217;encert de cara a porta en els primers tres quarts va fer que el marcador no es mogu\u00e9s, per sort en l&#8217;\u00faltim quart van arribar els gols. Brayan en un un contra un marcava el 0-1 i poc despr\u00e9s Izan tancava el partit. Vict\u00f2ria justa dels blaus.<\/p>\n<p>Primera victoria para los colomenses en un partido totalmente dominado ante un rival que llegaba tras ganar sus dos primeros partidos. La falta de acierto de cara a puerta en los primeros tres cuartos hizo que el marcador no se moviese, por suerte en el \u00faltimo cuarto llegaron los goles. Brayan en un uno contra uno marcaba el 0-1 y poco despu\u00e9s Izan cerraba el partido. Victoria justa de los azulones.<\/p>\n<p style=\"text-align: center;\"><a href=\"http:\/\/fegrama.cat\/web\/wp-content\/uploads\/2014\/10\/prebD1516.jpg\"><img loading=\"lazy\" decoding=\"async\" class=\"aligncenter  wp-image-12901\" alt=\"prebD1516\" src=\"http:\/\/fegrama.cat\/web\/wp-content\/uploads\/2014\/10\/prebD1516.jpg\" width=\"560\" height=\"420\" \/><\/a><\/p>\n<p><strong>PREBENJAM\u00cd D 1-3 Fundaci\u00f3 Privada CE J\u00fapiter <\/strong><em>(FOTOS DEL PARTIT:\u00a0<a href=\"https:\/\/goo.gl\/photos\/gA5245xHa9p9jH4K6\" target=\"_blank\">https:\/\/goo.gl\/photos\/gA5245xHa9p9jH4K6<\/a>)<\/em><\/p>\n<p>L&#8217;equip d&#8217;Adriana no va poder aconseguir puntuar a casa en un partit molt complicat davant un gran rival que arribava invicte amb dues vict\u00f2ries i cap gol encaixat. L&#8217;equip va aconseguir de penal retallar dist\u00e0ncies en el marcador (1-2) per\u00f2 finalment els errors en defensa van ser aprofitats per un efectiu J\u00fapiter. Partit molt treballat pels colomencs que a poc a poc van agafant la forma.<\/p>\n<p>El equipo de Adriana no pudo conseguir puntuar en casa en un partido muy complicado ante un gran rival que llegaba invicto con dos victorias y ning\u00fan gol encajado. El equipo consigui\u00f3 de penalti recortar distancias en el marcador (1-2) pero finalmente los fallos en defensa fueron aprovechados por un efectivo J\u00fapiter. Partido muy trabajado por los colomenses que poco a poco van cogiendo la forma.<\/p>\n<p style=\"text-align: center;\"><a href=\"http:\/\/fegrama.cat\/web\/wp-content\/uploads\/2014\/11\/prebE1516.jpg\"><img loading=\"lazy\" decoding=\"async\" class=\"aligncenter  wp-image-12893\" alt=\"prebE1516\" src=\"http:\/\/fegrama.cat\/web\/wp-content\/uploads\/2014\/11\/prebE1516.jpg\" width=\"560\" height=\"420\" \/><\/a><\/p>\n<p><strong>Trinitat Vella 3-5 PREBENJAM\u00cd E<\/strong><\/p>\n<p>El debut a CADECA per als jugadors m\u00e9s petits dels prebenjamins es va saldar amb vict\u00f2ria fora de casa. Molt bon partit de tot l&#8217;equip, bones associacions i passades, ben col\u00b7locats durant tots els minuts; Lorena va realitzar grans parades salvant al seu equip diverses vegades. Els gols del partit van ser de Railin (4) i Ismael de falta directa. Rival intens per\u00f2 vict\u00f2ria justa per als petits de Miriam G\u00f3mez i Ariadna Romero.<\/p>\n<p>El debut en CADECA para los jugadores m\u00e1s peque\u00f1os de los prebenjamines se sald\u00f3 con victoria fuera de casa. Muy buen partido de todo el equipo, buenas asociaciones y pases, bien colocados durante todos los minutos; Lorena realiz\u00f3 grandes paradas salvando a su equipo varias veces. Los goles del partido fueron de Railin (4) e Ismael de falta directa. Rival intenso pero victoria justa para los peque\u00f1os de Miriam G\u00f3mez y Ariadna Romero.<\/p>\n","protected":false},"excerpt":{"rendered":"<p>CF Monta\u00f1esa 2-3 PREBENJAM\u00cd A L&#8217;equip de Juanma Amate va aconseguir emportar-se la vict\u00f2ria davant un rival invicte. El partit va comen\u00e7ar de la millor manera amb el 0-1 per\u00f2 la reacci\u00f3 local va ser immediata amb un gol en un c\u00f3rner, amb aquest resultat es marxarien els dos equips al descans. En el tercer [&hellip;]<\/p>\n","protected":false},"author":1,"featured_media":0,"comment_status":"closed","ping_status":"closed","sticky":false,"template":"","format":"standard","meta":{"footnotes":""},"categories":[4,12],"tags":[24,802],"class_list":["post-12933","post","type-post","status-publish","format-standard","hentry","category-base-inclusiu","category-prebenjamins","tag-fundacio-esportiva-grama","tag-municipal-les-oliveres"],"_links":{"self":[{"href":"http:\/\/fegrama.cat\/web\/wp-json\/wp\/v2\/posts\/12933","targetHints":{"allow":["GET"]}}],"collection":[{"href":"http:\/\/fegrama.cat\/web\/wp-json\/wp\/v2\/posts"}],"about":[{"href":"http:\/\/fegrama.cat\/web\/wp-json\/wp\/v2\/types\/post"}],"author":[{"embeddable":true,"href":"http:\/\/fegrama.cat\/web\/wp-json\/wp\/v2\/users\/1"}],"replies":[{"embeddable":true,"href":"http:\/\/fegrama.cat\/web\/wp-json\/wp\/v2\/comments?post=12933"}],"version-history":[{"count":4,"href":"http:\/\/fegrama.cat\/web\/wp-json\/wp\/v2\/posts\/12933\/revisions"}],"predecessor-version":[{"id":12960,"href":"http:\/\/fegrama.cat\/web\/wp-json\/wp\/v2\/posts\/12933\/revisions\/12960"}],"wp:attachment":[{"href":"http:\/\/fegrama.cat\/web\/wp-json\/wp\/v2\/media?parent=12933"}],"wp:term":[{"taxonomy":"category","embeddable":true,"href":"http:\/\/fegrama.cat\/web\/wp-json\/wp\/v2\/categories?post=12933"},{"taxonomy":"post_tag","embeddable":true,"href":"http:\/\/fegrama.cat\/web\/wp-json\/wp\/v2\/tags?post=12933"}],"curies":[{"name":"wp","href":"https:\/\/api.w.org\/{rel}","templated":true}]}}