{"id":12926,"date":"2015-10-18T16:06:58","date_gmt":"2015-10-18T15:06:58","guid":{"rendered":"http:\/\/fegrama.cat\/web\/?p=12926"},"modified":"2015-10-18T16:06:58","modified_gmt":"2015-10-18T15:06:58","slug":"el-primer-equip-va-perdonar-massa-i-va-acabar-empatant-fora-de-casa","status":"publish","type":"post","link":"http:\/\/fegrama.cat\/web\/el-primer-equip-va-perdonar-massa-i-va-acabar-empatant-fora-de-casa\/","title":{"rendered":"El primer equip va perdonar massa i va acabar empatant fora de casa"},"content":{"rendered":"<figure id=\"attachment_12386\" aria-describedby=\"caption-attachment-12386\" style=\"width: 640px\" class=\"wp-caption aligncenter\"><a href=\"http:\/\/fegrama.cat\/web\/wp-content\/uploads\/2015\/09\/fegvilassar.jpg\"><img loading=\"lazy\" decoding=\"async\" class=\" wp-image-12386  \" alt=\"Once titular de la primera jornada de liga.\" src=\"http:\/\/fegrama.cat\/web\/wp-content\/uploads\/2015\/09\/fegvilassar.jpg\" width=\"640\" height=\"480\" \/><\/a><figcaption id=\"caption-attachment-12386\" class=\"wp-caption-text\"><strong>El m\u00edster va posar un onze semblant al de la primera jornada de lliga. D&#8217;aquesta foto haur\u00edem de treure a Daniel Mart\u00ednez i Cristian Gines per Ra\u00fal Rodr\u00edguez i David P\u00e9rez.<\/strong><\/figcaption><\/figure>\n<p>Al Municipal de Canyelles la Fundaci\u00f3 Esportiva Grama va tenir a veure com de mer\u00e8ixer guanyar va haver de passar a sumar un punt en l&#8217;\u00faltim instant. El marcador final indica un 1-1 despr\u00e9s de dos gols que van arribar en el temps extra del xoc. Set\u00e8 partit consecutiu sense perdre, l&#8217;equip seguir\u00e0 segon ara a tres punts del l\u00edder.\u00a0Partit marcat tamb\u00e9 per un \u00e0rbitre que no va xiular moltes faltes i tampoc va treure les targetes necess\u00e0ries, a m\u00e9s de no xiular un clar penal a la primera meitat sobre Aleksander.<\/p>\n<p>Els locals no van ser superiors per\u00f2 van lluitar en tot moment amb una l\u00ednia defensiva de cinc homes en un camp molt petit, a m\u00e9s van tenir bones oportunitats de gol i fins i tot van aconseguir avan\u00e7ar-se al marcador. Mentrestant els visitants despr\u00e9s d&#8217;una mala primera meitat van millorar molt i van fer una sensacional segona part acumulant ocasions i tancant al seu rival.<\/p>\n<p>El partit va comen\u00e7ar amb dos equips que es mostraven respectuosos i no aconseguien atacar, minuts de temptejar poc a poc fins que al minut 10 Oriol de cap va tenir la primera gran ocasi\u00f3, els colomencs ja cantaven gol per\u00f2 la pilota es marxaria fregant el pal. Sense jugar del tot b\u00e9 la Fundaci\u00f3 era la clara dominadora del joc i de les ocasions.<\/p>\n<figure id=\"attachment_12929\" aria-describedby=\"caption-attachment-12929\" style=\"width: 580px\" class=\"wp-caption aligncenter\"><a href=\"http:\/\/fegrama.cat\/web\/wp-content\/uploads\/2015\/10\/clasamt181015.jpg\"><img loading=\"lazy\" decoding=\"async\" class=\" wp-image-12929 \" alt=\"Aix\u00ed queda el 'Top-5' del grup 4 de Tercera Catalana despr\u00e9s de la Jornada 7.\" src=\"http:\/\/fegrama.cat\/web\/wp-content\/uploads\/2015\/10\/clasamt181015.jpg\" width=\"580\" height=\"134\" \/><\/a><figcaption id=\"caption-attachment-12929\" class=\"wp-caption-text\"><strong>Aix\u00ed queda el &#8216;Top-5&#8217; del grup 4 de Tercera Catalana despr\u00e9s de la Jornada 7.<\/strong><\/figcaption><\/figure>\n<p>Pipa de cap en el minut 20 despr\u00e9s d&#8217;una gran centrada d&#8217;Aleksander va estar a punt d&#8217;inaugurar el marcador, molt m\u00e9s clara tindria la seg\u00fcent ocasi\u00f3, Miki enviava una gran passada des de mig camp per Balcarreras que despr\u00e9s de controlar dins l&#8217;\u00e0rea feia una passada enrere i Pipa amb tot a favor xutava alt. Els locals tamb\u00e9 van disposar de bones oportunitats de gol per\u00f2 el marcador no es mouria en els primers 45 minuts.<\/p>\n<p>A la segona meitat el partit comen\u00e7aria a poc a poc a canviar, la F.E.Grama va donar una marxa m\u00e9s i comen\u00e7aria a jugar de meravelles, creant joc i bones ocasions. La millor oportunitat del CE Canyelles B arribaria en el minut 60, amb tot a favor el davanter es trobaria amb una aut\u00e8ntica gran aturada d&#8217;Iv\u00e1n Reina, reaccionant amb la cama per evitar el 1-0.<\/p>\n<p>Els minuts passaven i el gol no arribava; Balcarreras, Denis, Ra\u00fal&#8230;.. la pilota no els volia entrar en els seus xuts. I llavors va passar el que ning\u00fa esperava, en una contra els locals aconseguien avan\u00e7ar-se ja dins el temps extra; per sort la reacci\u00f3 colomenca va ser sensacional, primer Balcarreras es topava amb el porter i en l&#8217;acci\u00f3 seg\u00fcent Cristian Gines marcava el 1-1.<\/p>\n<p>Despr\u00e9s de l&#8217;empat no va haver temps de res m\u00e9s, despr\u00e9s d&#8217;aquesta ensopegada inesperada davant un rival molt intens ara a l&#8217;equip li arriben tres jornades seguides a Santa Coloma de Gramenet davant Pineda de Mar, CF Singuerl\u00edn i CF Liverpool (Matar\u00f3).<\/p>\n<p style=\"text-align: center;\"><a href=\"http:\/\/fegrama.cat\/web\/wp-content\/uploads\/2015\/10\/canyellesBfeg3.jpg\"><img loading=\"lazy\" decoding=\"async\" class=\"aligncenter  wp-image-12930\" alt=\"canyellesBfeg3\" src=\"http:\/\/fegrama.cat\/web\/wp-content\/uploads\/2015\/10\/canyellesBfeg3.jpg\" width=\"560\" height=\"420\" \/><\/a> <a href=\"http:\/\/fegrama.cat\/web\/wp-content\/uploads\/2015\/10\/fichacanyellesbfeg.jpg\"><img loading=\"lazy\" decoding=\"async\" class=\"aligncenter  wp-image-12928\" alt=\"fichacanyellesbfeg\" src=\"http:\/\/fegrama.cat\/web\/wp-content\/uploads\/2015\/10\/fichacanyellesbfeg.jpg\" width=\"439\" height=\"348\" \/><\/a><\/p>\n<p>En el Municipal de Canyelles la Fundaci\u00f3 Esportiva Grama tuvo que ver como de merecer ganar tuvo que pasar a sumar un punto en el \u00faltimo instante. El marcador final indica un 1-1 tras dos goles que llegaron en el tiempo extra del choque. S\u00e9ptimo partido consecutivo sin perder, el equipo seguir\u00e1 segundo ahora a tres puntos del l\u00edder. Partido marcado tambi\u00e9n por un \u00e1rbitro que no pit\u00f3 muchas faltas y tampoco sac\u00f3 las tarjetas necesarias, adem\u00e1s de no pitar un claro penalti en la primera mitad sobre Aleksander.<\/p>\n<p>Los locales no fueron superiores pero lucharon en todo momento con una l\u00ednea defensiva de cinco hombres en un campo muy peque\u00f1o, adem\u00e1s tuvieron buenas oportunidades de gol e incluso consiguieron adelantarse en el marcador. Mientras tanto los visitantes tras una mala primera mitad mejoraron mucho e hicieron una sensacional segunda parte acumulando ocasiones y encerrando a su rival.<\/p>\n<p>El partido comenz\u00f3 con dos equipos que se mostraban respetuosos y no consegu\u00edan atacar, minutos de tantearse poco a poco hasta que en el minuto 10 Oriol de cabeza tuvo la primera gran ocasi\u00f3n, los colomenses ya cantaban gol pero la pelota se marchar\u00eda rozando el palo. Sin jugar del todo bien la Fundaci\u00f3 era la clara dominadora del juego y de las ocasiones.<\/p>\n<figure id=\"attachment_12929\" aria-describedby=\"caption-attachment-12929\" style=\"width: 580px\" class=\"wp-caption aligncenter\"><a href=\"http:\/\/fegrama.cat\/web\/wp-content\/uploads\/2015\/10\/clasamt181015.jpg\"><img loading=\"lazy\" decoding=\"async\" class=\" wp-image-12929 \" alt=\"Aix\u00ed queda el 'Top-5' del grup 4 de Tercera Catalana despr\u00e9s de la Jornada 7.\" src=\"http:\/\/fegrama.cat\/web\/wp-content\/uploads\/2015\/10\/clasamt181015.jpg\" width=\"580\" height=\"134\" \/><\/a><figcaption id=\"caption-attachment-12929\" class=\"wp-caption-text\">Aix\u00ed queda el &#8216;Top-5&#8217; del grup 4 de Tercera Catalana despr\u00e9s de la Jornada 7.<\/figcaption><\/figure>\n<p>Pipa de cabeza en el minuto 20 tras un gran centro de Aleksander estuvo a punto de inaugurar el marcador, mucho m\u00e1s clara tendr\u00eda la siguiente ocasi\u00f3n,\u00a0Miki enviaba un gran pase desde mediocampo para Balcarreras que tras controlar dentro del \u00e1rea hac\u00eda un pase atr\u00e1s y Pipa con todo a favor chutaba alto. Los locales tambi\u00e9n dispusieron de buenas oportunidades de gol pero el marcador no se mover\u00eda en los primeros 45 minutos.<\/p>\n<p>En la segunda mitad el partido empezar\u00eda poco a poco a cambiar, la F.E.Grama dio una marcha m\u00e1s y empezar\u00eda a jugar de maravillas, creando juego y buenas ocasiones. La mejor oportunidad del CE Canyelles B llegar\u00eda en el minuto 60, con todo a favor el delantero se encontrar\u00eda con un aut\u00e9ntico parad\u00f3n de Iv\u00e1n Reina, reaccionando con la pierna para evitar el 1-0.<\/p>\n<p>Los minutos pasaban y el gol no llegaba; Balcarreras, Denis, Ra\u00fal&#8230;..el bal\u00f3n no les quer\u00eda entrar en sus disparos. Y entonces ocurri\u00f3 lo que nadie esperaba, en una contra los locales consegu\u00edan adelantarse ya dentro del tiempo extra; por suerte la reacci\u00f3n colomense fue sensacional, primero Balcarreras se topaba con el portero y en la acci\u00f3n siguiente Cristian Gines marcaba el 1-1.<\/p>\n<p>Despu\u00e9s del empate no hubo tiempo de nada m\u00e1s, tras este traspi\u00e9s inesperado ante un rival muy intenso ahora al equipo le llegan tres jornadas seguidas en Santa Coloma de Gramenet ante Pineda de Mar, CF Singuerl\u00edn y CF\u00a0Liverpool (Matar\u00f3).<\/p>\n","protected":false},"excerpt":{"rendered":"<p>Al Municipal de Canyelles la Fundaci\u00f3 Esportiva Grama va tenir a veure com de mer\u00e8ixer guanyar va haver de passar a sumar un punt en l&#8217;\u00faltim instant. El marcador final indica un 1-1 despr\u00e9s de dos gols que van arribar en el temps extra del xoc. Set\u00e8 partit consecutiu sense perdre, l&#8217;equip seguir\u00e0 segon ara [&hellip;]<\/p>\n","protected":false},"author":1,"featured_media":0,"comment_status":"closed","ping_status":"closed","sticky":false,"template":"","format":"standard","meta":{"footnotes":""},"categories":[4,5],"tags":[84,24],"class_list":["post-12926","post","type-post","status-publish","format-standard","hentry","category-base-inclusiu","category-primer-equip","tag-canyelles","tag-fundacio-esportiva-grama"],"_links":{"self":[{"href":"http:\/\/fegrama.cat\/web\/wp-json\/wp\/v2\/posts\/12926","targetHints":{"allow":["GET"]}}],"collection":[{"href":"http:\/\/fegrama.cat\/web\/wp-json\/wp\/v2\/posts"}],"about":[{"href":"http:\/\/fegrama.cat\/web\/wp-json\/wp\/v2\/types\/post"}],"author":[{"embeddable":true,"href":"http:\/\/fegrama.cat\/web\/wp-json\/wp\/v2\/users\/1"}],"replies":[{"embeddable":true,"href":"http:\/\/fegrama.cat\/web\/wp-json\/wp\/v2\/comments?post=12926"}],"version-history":[{"count":2,"href":"http:\/\/fegrama.cat\/web\/wp-json\/wp\/v2\/posts\/12926\/revisions"}],"predecessor-version":[{"id":12932,"href":"http:\/\/fegrama.cat\/web\/wp-json\/wp\/v2\/posts\/12926\/revisions\/12932"}],"wp:attachment":[{"href":"http:\/\/fegrama.cat\/web\/wp-json\/wp\/v2\/media?parent=12926"}],"wp:term":[{"taxonomy":"category","embeddable":true,"href":"http:\/\/fegrama.cat\/web\/wp-json\/wp\/v2\/categories?post=12926"},{"taxonomy":"post_tag","embeddable":true,"href":"http:\/\/fegrama.cat\/web\/wp-json\/wp\/v2\/tags?post=12926"}],"curies":[{"name":"wp","href":"https:\/\/api.w.org\/{rel}","templated":true}]}}