{"id":12920,"date":"2015-10-18T11:50:06","date_gmt":"2015-10-18T10:50:06","guid":{"rendered":"http:\/\/fegrama.cat\/web\/?p=12920"},"modified":"2015-10-18T17:43:11","modified_gmt":"2015-10-18T16:43:11","slug":"el-benjami-d-va-guanyar-al-racing-vallbona","status":"publish","type":"post","link":"http:\/\/fegrama.cat\/web\/el-benjami-d-va-guanyar-al-racing-vallbona\/","title":{"rendered":"El Benjam\u00ed D va guanyar al Racing Vallbona"},"content":{"rendered":"<p>Despr\u00e9s de debutar sumant un punt com a local ara l&#8217;equip dirigit per Alex Zurita i Mateu G\u00f3mez va sumar la primera vict\u00f2ria de la temporada. 1-9 va guanyar el Benjam\u00ed D de la FE Grama davant el CF Racing Vallbona.<\/p>\n<p>Partit molt desequilibrat, el rival tenia solament 8 jugadors i van ser un equip fluixet, la Fundaci\u00f3 est\u00e0 demostrant tenir molta qualitat. Sense aconseguir fer un gran futbol l&#8217;equip va aconseguir ser efectiu de cara a porta per sumar una vict\u00f2ria voluminosa.\u00a0Un resultat curt per les ocasions que van acumular els colomencs.<\/p>\n<p>De principi a fi vam veure superioritat colomenca sobre el Vallbona. Els golejadors del partit van ser: Gabriel Cort\u00e9s amb un &#8216;hat-trick&#8217;, Miquel Batlle i Killian G\u00f3mez ambd\u00f3s amb un doblet, i amb un gol Omar, Joel i Jon. A destacar tamb\u00e9 les grans actuacions dels porters Sergio Rubio i Alex Iba\u00f1ez.<\/p>\n<p>[divider]<\/p>\n<p>Tras debutar sumando un punto como local ahora el equipo dirigido por Alex Zurita y Mateo G\u00f3mez sum\u00f3 la primera victoria de la temporada. 1-9 gan\u00f3 el Benjam\u00edn D de la FE Grama ante el CF Racing Vallbona.<\/p>\n<p>Partido muy desequilibrado, el rival ten\u00eda solamente 8 jugadores y fueron un equipo flojito, la Fundaci\u00f3 esta demostrando tener mucha calidad. Sin lograr hacer un gran f\u00fatbol el equipo consigui\u00f3 ser efectivo de cara a puerta para sumar una victoria abultada. Un resultado corto para las ocasiones que acumularon los colomenses.<\/p>\n<p>De principio a fin vimos superioridad colomense sobre el Vallbona. Los goleadores del partido fueron: Gabriel Cort\u00e9s con un &#8216;hat-trick&#8217;, Miquel Batlle y Killian G\u00f3mez ambos con un doblete, y con un gol Omar, Joel y Jon. A destacar tambi\u00e9n las grandes actuaciones de los porteros Sergio Rubio y Alex Iba\u00f1ez.<\/p>\n","protected":false},"excerpt":{"rendered":"<p>Despr\u00e9s de debutar sumant un punt com a local ara l&#8217;equip dirigit per Alex Zurita i Mateu G\u00f3mez va sumar la primera vict\u00f2ria de la temporada. 1-9 va guanyar el Benjam\u00ed D de la FE Grama davant el CF Racing Vallbona. Partit molt desequilibrat, el rival tenia solament 8 jugadors i van ser un equip [&hellip;]<\/p>\n","protected":false},"author":1,"featured_media":12858,"comment_status":"closed","ping_status":"closed","sticky":false,"template":"","format":"standard","meta":{"footnotes":""},"categories":[4,11],"tags":[],"class_list":["post-12920","post","type-post","status-publish","format-standard","has-post-thumbnail","hentry","category-base-inclusiu","category-benjamins"],"_links":{"self":[{"href":"http:\/\/fegrama.cat\/web\/wp-json\/wp\/v2\/posts\/12920","targetHints":{"allow":["GET"]}}],"collection":[{"href":"http:\/\/fegrama.cat\/web\/wp-json\/wp\/v2\/posts"}],"about":[{"href":"http:\/\/fegrama.cat\/web\/wp-json\/wp\/v2\/types\/post"}],"author":[{"embeddable":true,"href":"http:\/\/fegrama.cat\/web\/wp-json\/wp\/v2\/users\/1"}],"replies":[{"embeddable":true,"href":"http:\/\/fegrama.cat\/web\/wp-json\/wp\/v2\/comments?post=12920"}],"version-history":[{"count":2,"href":"http:\/\/fegrama.cat\/web\/wp-json\/wp\/v2\/posts\/12920\/revisions"}],"predecessor-version":[{"id":12948,"href":"http:\/\/fegrama.cat\/web\/wp-json\/wp\/v2\/posts\/12920\/revisions\/12948"}],"wp:featuredmedia":[{"embeddable":true,"href":"http:\/\/fegrama.cat\/web\/wp-json\/wp\/v2\/media\/12858"}],"wp:attachment":[{"href":"http:\/\/fegrama.cat\/web\/wp-json\/wp\/v2\/media?parent=12920"}],"wp:term":[{"taxonomy":"category","embeddable":true,"href":"http:\/\/fegrama.cat\/web\/wp-json\/wp\/v2\/categories?post=12920"},{"taxonomy":"post_tag","embeddable":true,"href":"http:\/\/fegrama.cat\/web\/wp-json\/wp\/v2\/tags?post=12920"}],"curies":[{"name":"wp","href":"https:\/\/api.w.org\/{rel}","templated":true}]}}