{"id":1260,"date":"2014-01-13T09:42:43","date_gmt":"2014-01-13T09:42:43","guid":{"rendered":"http:\/\/fegrama.cat\/web\/?p=1260"},"modified":"2014-01-16T18:56:46","modified_gmt":"2014-01-16T18:56:46","slug":"un-triplet-dhector-garcia-del-benjami-b-arrodeneix-el-triomf-contra-lunificacio-llefia-per-0-6","status":"publish","type":"post","link":"http:\/\/fegrama.cat\/web\/un-triplet-dhector-garcia-del-benjami-b-arrodeneix-el-triomf-contra-lunificacio-llefia-per-0-6\/","title":{"rendered":"Un triplet d&#8217;H\u00e9ctor Garc\u00eda del Benjam\u00ed B de la F.E. Grama arrodeneix el triomf contra l&#8217;Unificaci\u00f3 Llefi\u00e0 per 0-6"},"content":{"rendered":"<p style=\"text-align: justify;\"><span style=\"color: #000000;\">-El\u00a0<strong>Benjam\u00ed B\u00a0<\/strong>de la<strong>\u00a0Fundaci\u00f3 Grama\u00a0<\/strong>ha guanyat clarament a casa de <strong>l&#8217;Unificaci\u00f3 Llefi\u00e0<\/strong> per 0-6 i aix\u00f2 fa la vict\u00f2ria 12 de 12 i seguir liderant aquest principi de 2014.<\/span><\/p>\n<p style=\"text-align: justify;\"><span style=\"color: #000000;\">Els gols de <strong>H\u00e9ctor Garc\u00eda<\/strong> al minut 6, que faria un triplet, es juntarien amb els de <strong>Javier Tarazaga, Nadir Khallafi i Adri\u00e1n Hern\u00e1ndez<\/strong> per arrodinir la mitja dotzena a <strong>Badalona<\/strong>.<\/span><\/p>\n<p style=\"text-align: justify;\"><span style=\"color: #000000;\">La jornada 13 ser\u00e0 molt emocionant per\u00a0l\u2019equip dirigit per\u00a0<strong>Luis Manuel Heredia<\/strong>\u00a0perqu\u00e8 enfronta el nostre l\u00edder de la <strong>Fundaci\u00f3 Grama<\/strong> amb el quart classificat, el <strong>Trajana Penya Barcelonista<\/strong>, al <strong>Nou Municipal de Santa Coloma<\/strong>. Aix\u00f2 ser\u00e0 el diumenge 19 de gener des de les 8:50 hores.<\/span><\/p>\n<p style=\"text-align: justify;\"><span style=\"color: #000000;\">Demanem el suport dels aficionats de la\u00a0<strong>Fundaci\u00f3 Grama<\/strong>\u00a0perqu\u00e8 gaudin d&#8217;un bon espectacle a <strong>Santa Coloma.<\/strong><\/span><\/p>\n<p style=\"text-align: justify;\"><span style=\"color: #000000;\"><strong>Al\u00e9 Grama!!!<\/strong><\/span><\/p>\n<p style=\"text-align: justify;\"><span style=\"color: #000000;\">-El Benjam\u00edn B de la Fundaci\u00f3n Grama ha ganado claramente en casa del Unificaci\u00f3n Llefi\u00e0 por 0-6 y eso hace la victoria 12 de 12 y seguir liderando este principio de 2014.<\/span><\/p>\n<p style=\"text-align: justify;\"><span style=\"color: #000000;\">Los goles de H\u00e9ctor Garc\u00eda en el minuto 6, que har\u00eda un triplete, se junta con los de Javier Tarazaga, Nadir Khallafi y Adri\u00e1n Hern\u00e1ndez por arrodinir la media docena en Badalona.<\/span><\/p>\n<p style=\"text-align: justify;\"><span style=\"color: #000000;\">La jornada 13 ser\u00e1 muy emocionante para el equipo dirigido por Luis Manuel Heredia porque enfrenta nuestro l\u00edder de la Fundaci\u00f3n Grama con el cuarto clasificado, el Trajana Pe\u00f1a Barcelonista, en el Nou Municipal de Santa Coloma. Esto ser\u00e1 el domingo 19 de enero desde las 8:50 horas.<\/span><\/p>\n<p style=\"text-align: justify;\"><span style=\"color: #000000;\">Pedimos el apoyo de los aficionados de la Fundaci\u00f3n Grama porque gozando de un buen espect\u00e1culo en Santa Coloma.<\/span><\/p>\n","protected":false},"excerpt":{"rendered":"<p>-El\u00a0Benjam\u00ed B\u00a0de la\u00a0Fundaci\u00f3 Grama\u00a0ha guanyat clarament a casa de l&#8217;Unificaci\u00f3 Llefi\u00e0 per 0-6 i aix\u00f2 fa la vict\u00f2ria 12 de 12 i seguir liderant aquest principi de 2014. Els gols de H\u00e9ctor Garc\u00eda al minut 6, que faria un triplet, es juntarien amb els de Javier Tarazaga, Nadir Khallafi i Adri\u00e1n Hern\u00e1ndez per arrodinir la [&hellip;]<\/p>\n","protected":false},"author":1,"featured_media":0,"comment_status":"closed","ping_status":"closed","sticky":false,"template":"","format":"standard","meta":{"footnotes":""},"categories":[4,11],"tags":[20,261,55,262,110],"class_list":["post-1260","post","type-post","status-publish","format-standard","hentry","category-base-inclusiu","category-benjamins","tag-fundacio-grama","tag-l-benjami-b","tag-nou-municipal-de-santa-coloma","tag-trajana-penya-barcelonista","tag-unificacio-llefia"],"_links":{"self":[{"href":"http:\/\/fegrama.cat\/web\/wp-json\/wp\/v2\/posts\/1260","targetHints":{"allow":["GET"]}}],"collection":[{"href":"http:\/\/fegrama.cat\/web\/wp-json\/wp\/v2\/posts"}],"about":[{"href":"http:\/\/fegrama.cat\/web\/wp-json\/wp\/v2\/types\/post"}],"author":[{"embeddable":true,"href":"http:\/\/fegrama.cat\/web\/wp-json\/wp\/v2\/users\/1"}],"replies":[{"embeddable":true,"href":"http:\/\/fegrama.cat\/web\/wp-json\/wp\/v2\/comments?post=1260"}],"version-history":[{"count":2,"href":"http:\/\/fegrama.cat\/web\/wp-json\/wp\/v2\/posts\/1260\/revisions"}],"predecessor-version":[{"id":1325,"href":"http:\/\/fegrama.cat\/web\/wp-json\/wp\/v2\/posts\/1260\/revisions\/1325"}],"wp:attachment":[{"href":"http:\/\/fegrama.cat\/web\/wp-json\/wp\/v2\/media?parent=1260"}],"wp:term":[{"taxonomy":"category","embeddable":true,"href":"http:\/\/fegrama.cat\/web\/wp-json\/wp\/v2\/categories?post=1260"},{"taxonomy":"post_tag","embeddable":true,"href":"http:\/\/fegrama.cat\/web\/wp-json\/wp\/v2\/tags?post=1260"}],"curies":[{"name":"wp","href":"https:\/\/api.w.org\/{rel}","templated":true}]}}