{"id":11805,"date":"2015-05-30T19:00:26","date_gmt":"2015-05-30T18:00:26","guid":{"rendered":"http:\/\/fegrama.cat\/web\/?p=11805"},"modified":"2015-06-01T17:51:35","modified_gmt":"2015-06-01T16:51:35","slug":"lalevi-g-va-perdre-fora-de-casa-inclou-l1x1","status":"publish","type":"post","link":"http:\/\/fegrama.cat\/web\/lalevi-g-va-perdre-fora-de-casa-inclou-l1x1\/","title":{"rendered":"L&#8217;Alev\u00ed \u00abG\u00bb va perdre fora de casa (inclou l&#8217;1&#215;1)"},"content":{"rendered":"<p>L&#8217;\u00faltim partit de l&#8217;Alev\u00ed \u00abG\u00bb va acabar en derrota per 3-0 davant el Congr\u00e9s; l&#8217;\u00e0rbitre va ser el gran protagonista del match. Partit al que vam veure moltes\u00a0tarascades i un \u00e0rbitre pol\u00e8mic. Molt curi\u00f3s que es trei\u00e9s l&#8217;\u00fanica targeta groga del partit a un jugador de camp, en un penal contra la F.E.Grama, que nom\u00e9s va veure l&#8217;\u00e0rbitre i sent generosos potser dos m\u00e9s&#8230;<\/p>\n<p>Despr\u00e9s del 2-0 ja no va haver partit, nom\u00e9s alguna garrotada extra i poca cosa m\u00e9s&#8230;Aquesta vegada\u00a0l&#8217;entrenador de l&#8217;Alev\u00ed \u00abG\u00bb, Dani Herrero ens fa\u00a0l&#8217;1&#215;1 redu\u00eft i resumit de la temporada, dels nostres xicots:<\/p>\n<p><strong>IKER 1<\/strong><br \/>\nInfranquejable. Sempre atent, segur, intuitiu&#8230; s&#8217;acaben els adjectius&#8230; Molts partits i molts punts s&#8217;han aconseguit gr\u00e0cies al nostre porter.<\/p>\n<p><strong>ORIOL 2<\/strong><br \/>\nPolivalent. Per banda o al centre, un aut\u00e8ntic baluard en defensa i molt actiu desplegant-se amb encert en atac. Una garantia en tots els terrenys.<\/p>\n<p><strong>JAVIER S\u00c1NCHEZ 3<\/strong><br \/>\nForrellat. Com a \u00faltim defensa, ha aportat seguretat a l&#8217;equip i en atac gols de falta i en llarga dist\u00e0ncia.<\/p>\n<p><strong>\u00c8RIC L\u00d3RIZ 4<\/strong><br \/>\nDesequilibri. Sigui pel centre o per banda, la seva velocitat i capacitat de combinaci\u00f3, han portat de corcoll a les defenses rivals.<\/p>\n<p><strong>ALEJANDRO PINA 5<\/strong><br \/>\nGarantia. El seu esfor\u00e7 i la seva entrega sempre estan garantides. Tan bons s\u00f3n els gols dels davanters, com els que ha tret de la l\u00ednia quan ja es colaven a la porteria de la Grama.<\/p>\n<p><strong>ADRI 6<\/strong><br \/>\nEquilibri. El capit\u00e0 ha sigut el motor diesel per marcar el tempo en tots els partits. El seu concurs \u00e9s sempre necessari.<\/p>\n<p><strong>ALEJANDRO REBOLLO 7<\/strong><br \/>\nEl\u00e8ctric. El seu nervi, la seva pressi\u00f3, velocitat i gol, han aportat a l&#8217;equip la llum per desencallar molts partits.<\/p>\n<p><strong>ERIC PUYO 8<\/strong><br \/>\nSolvent. Sigui en defensa o al centre del camp d\u00f3na pres\u00e8ncia a l&#8217;equip i intimidaci\u00f3 al rival. La seva arribada i el seu xut lluny\u00e0 han perforat moltes porteries.<\/p>\n<p><strong>RA\u00dcL 9<\/strong><br \/>\nLluitador. No d\u00f3na una pilota per perduda i amb ella al peu sempre la mou amb criteri. Les seves incursions per la banda han aportat perill constant als rivals.<\/p>\n<p><strong>EDU 10<\/strong><br \/>\nTalent. A m\u00e9s de la seva mobilitat al davant i el seu oportunisme, ens ha obsequiat alguns gols pura del\u00edcia amb la seva dreta.<\/p>\n<p><strong>JAVIER TARAZAGA 11<\/strong><br \/>\nGladiador. D\u00f3na igual on jugui, el seu coratge i la seva garra han estat presents durant tota la temporada&#8230; i per descomptat els seus gols.<\/p>\n<p><strong>EQUIP T\u00c8CNIC<\/strong><br \/>\nImprescindible. L&#8217;esperit d&#8217;aquest grup i el bon rotllo que l&#8217;ha presidit, \u00e9s gr\u00e0cies a tots, per\u00f2 sobre tot a l&#8217;esfor\u00e7 incodicional del Dani, el Moha i les trainers (la S\u00edlvia i l&#8217;Ana). Moltes gr\u00e0cies per tot.<\/p>\n","protected":false},"excerpt":{"rendered":"<p>L&#8217;\u00faltim partit de l&#8217;Alev\u00ed \u00abG\u00bb va acabar en derrota per 3-0 davant el Congr\u00e9s; l&#8217;\u00e0rbitre va ser el gran protagonista del match. Partit al que vam veure moltes\u00a0tarascades i un \u00e0rbitre pol\u00e8mic. Molt curi\u00f3s que es trei\u00e9s l&#8217;\u00fanica targeta groga del partit a un jugador de camp, en un penal contra la F.E.Grama, que nom\u00e9s [&hellip;]<\/p>\n","protected":false},"author":1,"featured_media":0,"comment_status":"closed","ping_status":"closed","sticky":false,"template":"","format":"standard","meta":{"footnotes":""},"categories":[10,4],"tags":[],"class_list":["post-11805","post","type-post","status-publish","format-standard","hentry","category-alevins","category-base-inclusiu"],"_links":{"self":[{"href":"http:\/\/fegrama.cat\/web\/wp-json\/wp\/v2\/posts\/11805","targetHints":{"allow":["GET"]}}],"collection":[{"href":"http:\/\/fegrama.cat\/web\/wp-json\/wp\/v2\/posts"}],"about":[{"href":"http:\/\/fegrama.cat\/web\/wp-json\/wp\/v2\/types\/post"}],"author":[{"embeddable":true,"href":"http:\/\/fegrama.cat\/web\/wp-json\/wp\/v2\/users\/1"}],"replies":[{"embeddable":true,"href":"http:\/\/fegrama.cat\/web\/wp-json\/wp\/v2\/comments?post=11805"}],"version-history":[{"count":2,"href":"http:\/\/fegrama.cat\/web\/wp-json\/wp\/v2\/posts\/11805\/revisions"}],"predecessor-version":[{"id":11824,"href":"http:\/\/fegrama.cat\/web\/wp-json\/wp\/v2\/posts\/11805\/revisions\/11824"}],"wp:attachment":[{"href":"http:\/\/fegrama.cat\/web\/wp-json\/wp\/v2\/media?parent=11805"}],"wp:term":[{"taxonomy":"category","embeddable":true,"href":"http:\/\/fegrama.cat\/web\/wp-json\/wp\/v2\/categories?post=11805"},{"taxonomy":"post_tag","embeddable":true,"href":"http:\/\/fegrama.cat\/web\/wp-json\/wp\/v2\/tags?post=11805"}],"curies":[{"name":"wp","href":"https:\/\/api.w.org\/{rel}","templated":true}]}}