{"id":11768,"date":"2015-05-30T19:00:56","date_gmt":"2015-05-30T18:00:56","guid":{"rendered":"http:\/\/fegrama.cat\/web\/?p=11768"},"modified":"2015-05-31T14:19:51","modified_gmt":"2015-05-31T13:19:51","slug":"el-prebenjami-e-va-perdre-a-sant-adria-de-besos","status":"publish","type":"post","link":"http:\/\/fegrama.cat\/web\/el-prebenjami-e-va-perdre-a-sant-adria-de-besos\/","title":{"rendered":"El Prebenjam\u00ed \u00abE\u00bb va perdre a Sant Adri\u00e0 de Bes\u00f2s"},"content":{"rendered":"<p>Al Municipal Jos\u00e9 Luis Ru\u00edz Casado el Prebenjam\u00ed \u00abE\u00bb de la F.E.Grama va perdre 6-4 davant el Sant Gabriel Femen\u00ed en l&#8217;\u00faltim partit de lliga (CADECA) d&#8217;aquesta temporada.<\/p>\n<p>Partit amb molts gols per\u00f2 tamb\u00e9 molta difer\u00e8ncia de nivell en entre els dos equips, les noies de l&#8217;equip de Sant Adri\u00e0 van mostrar que tenen molta qualitat. El primer gol del partit va ser per als colomencs encara que r\u00e0pidament les locals van empatar en la seg\u00fcent jugada.<\/p>\n<p>De nou la Fundaci\u00f3 s&#8217;avan\u00e7aria en el marcador per\u00f2 l&#8217;alegria els duraria molt poquet. Els visitants van tenir el 2-3 a la m\u00e0 per\u00f2 despr\u00e9s de fallar ocasions de gol les noies del Sant Gabriel es van posar 3-2 i es van venir amunt fins posar-se 6-2. Despr\u00e9s d&#8217;aix\u00f2 els nois del Prebenjam\u00ed \u00abE\u00bb Tito Vilanova van aconseguir recuperar-se una mica i retallar dist\u00e0ncies en el marcador.<\/p>\n<p><a href=\"http:\/\/fegrama.cat\/web\/wp-content\/uploads\/2014\/12\/PREBENJAM\u00cd-EFUNDACIO-GRAMA-SANTA-COLOMA.jpg\"><img loading=\"lazy\" decoding=\"async\" class=\"aligncenter size-full wp-image-8471\" alt=\"PREBENJAM\u00cd EFUNDACIO GRAMA SANTA COLOMA\" src=\"http:\/\/fegrama.cat\/web\/wp-content\/uploads\/2014\/12\/PREBENJAM\u00cd-EFUNDACIO-GRAMA-SANTA-COLOMA.jpg\" width=\"640\" height=\"480\" srcset=\"http:\/\/fegrama.cat\/web\/wp-content\/uploads\/2014\/12\/PREBENJAM\u00cd-EFUNDACIO-GRAMA-SANTA-COLOMA.jpg 640w, http:\/\/fegrama.cat\/web\/wp-content\/uploads\/2014\/12\/PREBENJAM\u00cd-EFUNDACIO-GRAMA-SANTA-COLOMA-300x225.jpg 300w\" sizes=\"auto, (max-width: 640px) 100vw, 640px\" \/><\/a><\/p>\n<p>En el Municipal Jos\u00e9 Luis Ru\u00edz Casado el Prebenjam\u00edn \u00abE\u00bb de la F.E.Grama perdi\u00f3 6-4 ante el Sant Gabriel Femenino en el \u00faltimo partido de liga (CADECA) de esta temporada.<\/p>\n<p>Partido con muchos goles pero tambi\u00e9n mucha diferencia de nivel en entre ambos equipos, las chicas del equipo de Sant Adri\u00e0\u00a0mostraron que tienen mucha calidad. El primer gol del partido fue para los colomenses aunque r\u00e1pidamente las locales empataron en la siguiente jugada.<\/p>\n<p>De nuevo la Fundaci\u00f3 se adelantar\u00eda en el marcador pero la alegr\u00eda les durar\u00eda muy poquito. Los visitantes tuvieron el 2-3 en la mano pero tras fallar ocasiones de gol las chicas del Sant Gabriel se pusieron 3-2 y se vinieron arriba hasta ponerse 6-2. Tras eso los chicos del Prebenjam\u00edn \u00abE\u00bb Tito Vilanova consiguieron recuperarse un poco y recortar distancias en el marcador.<\/p>\n","protected":false},"excerpt":{"rendered":"<p>Al Municipal Jos\u00e9 Luis Ru\u00edz Casado el Prebenjam\u00ed \u00abE\u00bb de la F.E.Grama va perdre 6-4 davant el Sant Gabriel Femen\u00ed en l&#8217;\u00faltim partit de lliga (CADECA) d&#8217;aquesta temporada. Partit amb molts gols per\u00f2 tamb\u00e9 molta difer\u00e8ncia de nivell en entre els dos equips, les noies de l&#8217;equip de Sant Adri\u00e0 van mostrar que tenen molta [&hellip;]<\/p>\n","protected":false},"author":1,"featured_media":0,"comment_status":"closed","ping_status":"closed","sticky":false,"template":"","format":"standard","meta":{"footnotes":""},"categories":[4,12],"tags":[],"class_list":["post-11768","post","type-post","status-publish","format-standard","hentry","category-base-inclusiu","category-prebenjamins"],"_links":{"self":[{"href":"http:\/\/fegrama.cat\/web\/wp-json\/wp\/v2\/posts\/11768","targetHints":{"allow":["GET"]}}],"collection":[{"href":"http:\/\/fegrama.cat\/web\/wp-json\/wp\/v2\/posts"}],"about":[{"href":"http:\/\/fegrama.cat\/web\/wp-json\/wp\/v2\/types\/post"}],"author":[{"embeddable":true,"href":"http:\/\/fegrama.cat\/web\/wp-json\/wp\/v2\/users\/1"}],"replies":[{"embeddable":true,"href":"http:\/\/fegrama.cat\/web\/wp-json\/wp\/v2\/comments?post=11768"}],"version-history":[{"count":1,"href":"http:\/\/fegrama.cat\/web\/wp-json\/wp\/v2\/posts\/11768\/revisions"}],"predecessor-version":[{"id":11769,"href":"http:\/\/fegrama.cat\/web\/wp-json\/wp\/v2\/posts\/11768\/revisions\/11769"}],"wp:attachment":[{"href":"http:\/\/fegrama.cat\/web\/wp-json\/wp\/v2\/media?parent=11768"}],"wp:term":[{"taxonomy":"category","embeddable":true,"href":"http:\/\/fegrama.cat\/web\/wp-json\/wp\/v2\/categories?post=11768"},{"taxonomy":"post_tag","embeddable":true,"href":"http:\/\/fegrama.cat\/web\/wp-json\/wp\/v2\/tags?post=11768"}],"curies":[{"name":"wp","href":"https:\/\/api.w.org\/{rel}","templated":true}]}}