{"id":11748,"date":"2015-05-30T18:48:41","date_gmt":"2015-05-30T17:48:41","guid":{"rendered":"http:\/\/fegrama.cat\/web\/?p=11748"},"modified":"2015-05-30T18:48:41","modified_gmt":"2015-05-30T17:48:41","slug":"lalevi-h-va-perdre-a-les-oliveres-davant-la-montanesa","status":"publish","type":"post","link":"http:\/\/fegrama.cat\/web\/lalevi-h-va-perdre-a-les-oliveres-davant-la-montanesa\/","title":{"rendered":"L&#8217;Alev\u00ed \u00abH\u00bb va perdre a Les Oliveres davant la Monta\u00f1esa"},"content":{"rendered":"<p>La visita de la Monta\u00f1esa al Municipal Les Oliveres es va saldar amb vict\u00f2ria d&#8217;ells per 1-6 davant l&#8217;Alev\u00ed \u00abH\u00bb de la Fundaci\u00f3 Esportiva Grama.<\/p>\n<p>Els primers cinc minuts de partit van ser completament blaus, els locals dominaven, creaven perill i es defensaven molt b\u00e9. A partir del minut 5 els visitants es van venir amunt, a poc a poc tenien m\u00e9s la pilota i en el primer xut a porta inauguraven el marcador (0-1, min.10).<\/p>\n<p>La Fundaci\u00f3 no jugava malament per\u00f2 estava fallant moltes ocasions de gol i aix\u00f2 ho acabaria pagant encaixant fins a tres gols m\u00e9s abans d&#8217;anar-nos al descans. La segona meitat comen\u00e7aria amb gol de Manuel Rodr\u00edguez de cap per retallar dist\u00e0ncies en el marcador (1-4).<\/p>\n<p>Segona part molt igualada, de nou els colomencs van fallar ocasions de gol i de nou la Monta\u00f1esa es va mostrar molt efectiva de cara a gol.<\/p>\n<p><strong>FOTOS DEL PARTIT:\u00a0<\/strong><a href=\"https:\/\/photos.google.com\/album\/AF1QipNR7Hz9TxhBj3dxH9ctE-j2XwOnlbFmOqFw1KO2\" target=\"_blank\">https:\/\/photos.google.com\/album\/AF1QipNR7Hz9TxhBj3dxH9ctE-j2XwOnlbFmOqFw1KO2<\/a><\/p>\n<p><a href=\"http:\/\/fegrama.cat\/web\/wp-content\/uploads\/2015\/05\/alevH3005115.jpg\"><img loading=\"lazy\" decoding=\"async\" class=\"aligncenter size-full wp-image-11749\" alt=\"alevH3005115\" src=\"http:\/\/fegrama.cat\/web\/wp-content\/uploads\/2015\/05\/alevH3005115.jpg\" width=\"800\" height=\"600\" \/><\/a><\/p>\n<p>La visita de la Monta\u00f1esa al Municipal Les Oliveres se sald\u00f3 con victoria de ellos por 1-6 ante el Alev\u00edn \u00abH\u00bb de la Fundaci\u00f3 Esportiva Grama.<\/p>\n<p>Los primeros cinco minutos de partido fueron completamente azules, los locales dominaban, creaban peligro y se defend\u00edan muy bien. A partir del minuto 5 los visitantes se vinieron arriba, poco a poco ten\u00edan m\u00e1s la pelota y en el primer disparo a puerta inauguraban el marcador (0-1, min.10).<\/p>\n<p>La Fundaci\u00f3 no jugaba mal pero estaba fallando muchas ocasiones de gol y eso lo acabar\u00eda pagando encajando hasta tres goles m\u00e1s antes de irnos al descanso. La segunda mitad empezar\u00eda con gol de Manuel Rodr\u00edguez de cabeza para recortar distancias en el marcador (1-4).<\/p>\n<p>Segunda parte muy igualada, de nuevo los colomenses fallaron ocasiones de gol y de nuevo la Monta\u00f1esa se mostr\u00f3 muy efectiva de cara a gol.<\/p>\n","protected":false},"excerpt":{"rendered":"<p>La visita de la Monta\u00f1esa al Municipal Les Oliveres es va saldar amb vict\u00f2ria d&#8217;ells per 1-6 davant l&#8217;Alev\u00ed \u00abH\u00bb de la Fundaci\u00f3 Esportiva Grama. Els primers cinc minuts de partit van ser completament blaus, els locals dominaven, creaven perill i es defensaven molt b\u00e9. A partir del minut 5 els visitants es van venir [&hellip;]<\/p>\n","protected":false},"author":1,"featured_media":0,"comment_status":"closed","ping_status":"closed","sticky":false,"template":"","format":"standard","meta":{"footnotes":""},"categories":[10,4],"tags":[399,24,802,130],"class_list":["post-11748","post","type-post","status-publish","format-standard","hentry","category-alevins","category-base-inclusiu","tag-fegrama","tag-fundacio-esportiva-grama","tag-municipal-les-oliveres","tag-santa-coloma-de-gramenet"],"_links":{"self":[{"href":"http:\/\/fegrama.cat\/web\/wp-json\/wp\/v2\/posts\/11748","targetHints":{"allow":["GET"]}}],"collection":[{"href":"http:\/\/fegrama.cat\/web\/wp-json\/wp\/v2\/posts"}],"about":[{"href":"http:\/\/fegrama.cat\/web\/wp-json\/wp\/v2\/types\/post"}],"author":[{"embeddable":true,"href":"http:\/\/fegrama.cat\/web\/wp-json\/wp\/v2\/users\/1"}],"replies":[{"embeddable":true,"href":"http:\/\/fegrama.cat\/web\/wp-json\/wp\/v2\/comments?post=11748"}],"version-history":[{"count":1,"href":"http:\/\/fegrama.cat\/web\/wp-json\/wp\/v2\/posts\/11748\/revisions"}],"predecessor-version":[{"id":11750,"href":"http:\/\/fegrama.cat\/web\/wp-json\/wp\/v2\/posts\/11748\/revisions\/11750"}],"wp:attachment":[{"href":"http:\/\/fegrama.cat\/web\/wp-json\/wp\/v2\/media?parent=11748"}],"wp:term":[{"taxonomy":"category","embeddable":true,"href":"http:\/\/fegrama.cat\/web\/wp-json\/wp\/v2\/categories?post=11748"},{"taxonomy":"post_tag","embeddable":true,"href":"http:\/\/fegrama.cat\/web\/wp-json\/wp\/v2\/tags?post=11748"}],"curies":[{"name":"wp","href":"https:\/\/api.w.org\/{rel}","templated":true}]}}