{"id":11742,"date":"2015-05-29T16:52:15","date_gmt":"2015-05-29T15:52:15","guid":{"rendered":"http:\/\/fegrama.cat\/web\/?p=11742"},"modified":"2015-05-29T16:52:15","modified_gmt":"2015-05-29T15:52:15","slug":"previes-dels-equips-prebenjamins-30-i-31-de-maig","status":"publish","type":"post","link":"http:\/\/fegrama.cat\/web\/previes-dels-equips-prebenjamins-30-i-31-de-maig\/","title":{"rendered":"Pr\u00e8vies dels equips Prebenjamins (30 i 31 de maig)"},"content":{"rendered":"<p><a href=\"http:\/\/fegrama.cat\/web\/wp-content\/uploads\/2014\/12\/PREBENJAM\u00cd-AFUNDACIO-GRAMA-SANTA-COLOMA1.jpg\"><img loading=\"lazy\" decoding=\"async\" class=\"aligncenter size-full wp-image-8483\" alt=\"PREBENJAM\u00cd AFUNDACIO GRAMA SANTA COLOMA\" src=\"http:\/\/fegrama.cat\/web\/wp-content\/uploads\/2014\/12\/PREBENJAM\u00cd-AFUNDACIO-GRAMA-SANTA-COLOMA1.jpg\" width=\"640\" height=\"480\" srcset=\"http:\/\/fegrama.cat\/web\/wp-content\/uploads\/2014\/12\/PREBENJAM\u00cd-AFUNDACIO-GRAMA-SANTA-COLOMA1.jpg 640w, http:\/\/fegrama.cat\/web\/wp-content\/uploads\/2014\/12\/PREBENJAM\u00cd-AFUNDACIO-GRAMA-SANTA-COLOMA1-300x225.jpg 300w\" sizes=\"auto, (max-width: 640px) 100vw, 640px\" \/><\/a><\/p>\n<p>PREBENJAMIN \u00abA\u00bb-ALZAMORA<\/p>\n<p>Partit sense massa complicacions aparents per a l&#8217;equip prebenjam\u00ed \u00abA\u00bb de la Fundaci\u00f3 Esportiva Grama, que rebr\u00e0 el dissabte a Alzamora al Municipal de Les Oliveres, a les 12.00 del migdia. Un xoc en qu\u00e8 els colomencs parteixen com a favorits si ens fixem en la traject\u00f2ria d&#8217;aquests i la comparem amb l&#8217;Alzamora. La Grama ostenta un set\u00e8 lloc amb 43 punts, i els visitants en aquesta ocasi\u00f3, estan en pen\u00faltim lloc amb tan sols set punts.<\/p>\n<p>Partido sin demasiadas complicaciones aparentes para el equipo prebenjamin \u00abA\u00bb de la Fundaci\u00f3 Esportiva Grama, que recibir\u00e1 el s\u00e1bado al Alzamora en el Municipal de Les Oliveres, a las 12.00 del mediod\u00eda. Un choque en el que los colomenses parten como favoritos si nos fijamos en la trayectoria de \u00e9stos y la comparamos con el Alzamora. La Grama ostenta un s\u00e9ptimo lugar con 43 puntos, y los visitantes en esta ocasi\u00f3n, est\u00e1n en pen\u00faltimo lugar con tan solo siete puntos.<\/p>\n<p><a href=\"http:\/\/fegrama.cat\/web\/wp-content\/uploads\/2014\/12\/PREBENJAM\u00cd-BFUNDACIO-GRAMA-SANTA-COLOMA2.jpg\"><img loading=\"lazy\" decoding=\"async\" class=\"aligncenter size-full wp-image-8480\" alt=\"PREBENJAM\u00cd BFUNDACIO GRAMA SANTA COLOMA\" src=\"http:\/\/fegrama.cat\/web\/wp-content\/uploads\/2014\/12\/PREBENJAM\u00cd-BFUNDACIO-GRAMA-SANTA-COLOMA2.jpg\" width=\"640\" height=\"480\" srcset=\"http:\/\/fegrama.cat\/web\/wp-content\/uploads\/2014\/12\/PREBENJAM\u00cd-BFUNDACIO-GRAMA-SANTA-COLOMA2.jpg 640w, http:\/\/fegrama.cat\/web\/wp-content\/uploads\/2014\/12\/PREBENJAM\u00cd-BFUNDACIO-GRAMA-SANTA-COLOMA2-300x225.jpg 300w\" sizes=\"auto, (max-width: 640px) 100vw, 640px\" \/><\/a><\/p>\n<p>MARTINENC-PREBENJAMIN \u00abB\u00bb<\/p>\n<p>Despla\u00e7ament amb possibilitats de puntuar el que ha de fer el prebenjam\u00ed \u00abB\u00bb de la Fundaci\u00f3 Esportiva Grama, al camp del Martinenc. Els colomencs en una quarta posici\u00f3 de la taula i amb 48 punts en el seu haver, avantatjant notablement als de Barcelona, que tan sols han aconseguit sumar 12 punts. El partit es jugar\u00e0 al Municipal del Guinard\u00f3 el diumenge a les 9.00 hores del mat\u00ed.<\/p>\n<p>Desplazamiento con posibilidades de puntuar el que debe realizar el prebenjamin \u00abB\u00bb de la Fundaci\u00f3 Esportiva Grama, al campo del Martinenc. Los colomenses en una cuarta posici\u00f3n de la tabla y con 48 puntos en su haber, aventajando notablemente a los de Barcelona, que tan solo han logrado sumar 12 puntos. El partido se jugar\u00e1 en el Municipal de Guinard\u00f3 el domingo a las 9.00 horas de la ma\u00f1ana.<\/p>\n<p><a href=\"http:\/\/fegrama.cat\/web\/wp-content\/uploads\/2014\/12\/PREBENJAM\u00cd-CFUNDACIO-GRAMA-SANTA-COLOMA1.jpg\"><img loading=\"lazy\" decoding=\"async\" class=\"aligncenter size-full wp-image-8477\" alt=\"PREBENJAM\u00cd CFUNDACIO GRAMA SANTA COLOMA\" src=\"http:\/\/fegrama.cat\/web\/wp-content\/uploads\/2014\/12\/PREBENJAM\u00cd-CFUNDACIO-GRAMA-SANTA-COLOMA1.jpg\" width=\"640\" height=\"480\" srcset=\"http:\/\/fegrama.cat\/web\/wp-content\/uploads\/2014\/12\/PREBENJAM\u00cd-CFUNDACIO-GRAMA-SANTA-COLOMA1.jpg 640w, http:\/\/fegrama.cat\/web\/wp-content\/uploads\/2014\/12\/PREBENJAM\u00cd-CFUNDACIO-GRAMA-SANTA-COLOMA1-300x225.jpg 300w\" sizes=\"auto, (max-width: 640px) 100vw, 640px\" \/><\/a><\/p>\n<p>LLOREDA-PREBENJAMIN \u00abC\u00bb<\/p>\n<p>Dif\u00edcil partit el que haur\u00e0 d&#8217;afrontar el prebenjam\u00ed \u00abC\u00bb de la Fundaci\u00f3 Esportiva Grama, en la visita al camp del Lloreda. Els de Badalona figuren en una sisena posici\u00f3 amb 58 punts acumulats, mentre que la Grama, est\u00e0 en vuit\u00e8 lloc amb deu punts menys. A m\u00e9s d&#8217;aix\u00f2, no perdem de vista que el Lloreda juga al seu camp, i aix\u00f2 tamb\u00e9 \u00e9s un factor a favor seu. El partit es disputar\u00e0 diumenge al Municipal de Lloreda a les 13.45 hores.<\/p>\n<p>Dif\u00edcil partido el que tendr\u00e1 que afrontar el prebenjamin \u00abC\u00bb de la Fundaci\u00f3 Esportiva Grama, en su visita al campo del Lloreda. Los de Badalona figuran en una sexta posici\u00f3n con 58 puntos acumulados, mientras que la Grama, est\u00e1 en octavo lugar con diez puntos menos. Adem\u00e1s de ello, no perdamos de vista que el Lloreda juega en su campo, y eso tambi\u00e9n es un factor a su favor. El partido se disputar\u00e1 el domingo en el Municipal de Lloreda a las 13.45 horas.<\/p>\n<p><a href=\"http:\/\/fegrama.cat\/web\/wp-content\/uploads\/2014\/12\/PREBENJAM\u00cd-DFUNDACIO-GRAMA-SANTA-COLOMA1.jpg\"><img loading=\"lazy\" decoding=\"async\" class=\"aligncenter size-full wp-image-8474\" alt=\"PREBENJAM\u00cd DFUNDACIO GRAMA SANTA COLOMA\" src=\"http:\/\/fegrama.cat\/web\/wp-content\/uploads\/2014\/12\/PREBENJAM\u00cd-DFUNDACIO-GRAMA-SANTA-COLOMA1.jpg\" width=\"640\" height=\"480\" srcset=\"http:\/\/fegrama.cat\/web\/wp-content\/uploads\/2014\/12\/PREBENJAM\u00cd-DFUNDACIO-GRAMA-SANTA-COLOMA1.jpg 640w, http:\/\/fegrama.cat\/web\/wp-content\/uploads\/2014\/12\/PREBENJAM\u00cd-DFUNDACIO-GRAMA-SANTA-COLOMA1-300x225.jpg 300w\" sizes=\"auto, (max-width: 640px) 100vw, 640px\" \/><\/a><\/p>\n<p>PREBENJAMIN \u00abD\u00bb-LLOREDA<\/p>\n<p>Partit igualat el que ens poden oferir el prebenjam\u00ed de la Fundaci\u00f3 Esportiva Grama i el Lloreda. Una trobada en qu\u00e8 es fa molt dif\u00edcil pronosticar algun resultat, donada la traject\u00f2ria semblant dels dos conjuntos.La Grama est\u00e0 en tretz\u00e8 lloc amb 25 punts i el conjunt badalon\u00ed es troba en una onzena posici\u00f3 amb vuit punts mes. \u00c9s de desitjar que el fet de jugar a casa suposi un al\u00b7licient per als colomencs. El xoc tindr\u00e0 lloc el dissabte al Municipal de Les Oliveres a les 13.30 hores.<\/p>\n<p>Partido igualado el que nos pueden ofrecer el prebenjamin de la Fundaci\u00f3 Esportiva Grama y el Lloreda. Un encuentro en el que se hace muy dif\u00edcil pronosticar alg\u00fan resultado, dada la trayectoria parecida de los dos conjuntos.La Grama est\u00e1 en d\u00e9cimo tercer lugar con 25 puntos y el conjunto badalon\u00e9s se encuentra en una und\u00e9cima posici\u00f3n con ocho puntos mas. Es de desear que el hecho de jugar en casa suponga un aliciente para los colomenses. El choque tendr\u00e1 lugar el s\u00e1bado en el Municipal de Les Oliveres a las 13.30 horas.<\/p>\n<p><a href=\"http:\/\/fegrama.cat\/web\/wp-content\/uploads\/2014\/12\/PREBENJAM\u00cd-EFUNDACIO-GRAMA-SANTA-COLOMA.jpg\"><img loading=\"lazy\" decoding=\"async\" class=\"aligncenter size-full wp-image-8471\" alt=\"PREBENJAM\u00cd EFUNDACIO GRAMA SANTA COLOMA\" src=\"http:\/\/fegrama.cat\/web\/wp-content\/uploads\/2014\/12\/PREBENJAM\u00cd-EFUNDACIO-GRAMA-SANTA-COLOMA.jpg\" width=\"640\" height=\"480\" srcset=\"http:\/\/fegrama.cat\/web\/wp-content\/uploads\/2014\/12\/PREBENJAM\u00cd-EFUNDACIO-GRAMA-SANTA-COLOMA.jpg 640w, http:\/\/fegrama.cat\/web\/wp-content\/uploads\/2014\/12\/PREBENJAM\u00cd-EFUNDACIO-GRAMA-SANTA-COLOMA-300x225.jpg 300w\" sizes=\"auto, (max-width: 640px) 100vw, 640px\" \/><\/a><\/p>\n<p>SANT GABRIEL-PREBENJAMIN \u00abE\u00bb<\/p>\n<p>Partit aparentment f\u00e0cil per a l&#8217;equip escola prebenjam\u00ed \u00abE\u00bb de la Fundaci\u00f3 Esportiva Grama el que afrontar\u00e0 la propera jornada davant del Sant Gabriel. La difer\u00e8ncia en la classificaci\u00f3 \u00e9s tan favorable als colomencs, que es fa f\u00e0cil vaticinar un triomf a domicili. El partit es jugar\u00e0 dissabte al Municipal Ruiz Casado a les 9.00 del mat\u00ed.<\/p>\n<p>Partido aparentemente f\u00e1cil para el equipo escuela prebenjamin \u00abE\u00bb de la Fundaci\u00f3 Esportiva Grama el que afrontar\u00e1 la pr\u00f3xima jornada frente al Sant Gabriel. La diferencia en la clasificaci\u00f3n es tan favorable a los colomenses, que se hace f\u00e1cil vaticinar un triunfo a domicilio. El partido se jugar\u00e1 el s\u00e1bado en el Municipal Ruiz Casado a las 9.00 de la ma\u00f1ana.<\/p>\n","protected":false},"excerpt":{"rendered":"<p>PREBENJAMIN \u00abA\u00bb-ALZAMORA Partit sense massa complicacions aparents per a l&#8217;equip prebenjam\u00ed \u00abA\u00bb de la Fundaci\u00f3 Esportiva Grama, que rebr\u00e0 el dissabte a Alzamora al Municipal de Les Oliveres, a les 12.00 del migdia. Un xoc en qu\u00e8 els colomencs parteixen com a favorits si ens fixem en la traject\u00f2ria d&#8217;aquests i la comparem amb l&#8217;Alzamora. [&hellip;]<\/p>\n","protected":false},"author":1,"featured_media":0,"comment_status":"closed","ping_status":"closed","sticky":false,"template":"","format":"standard","meta":{"footnotes":""},"categories":[4,12],"tags":[],"class_list":["post-11742","post","type-post","status-publish","format-standard","hentry","category-base-inclusiu","category-prebenjamins"],"_links":{"self":[{"href":"http:\/\/fegrama.cat\/web\/wp-json\/wp\/v2\/posts\/11742","targetHints":{"allow":["GET"]}}],"collection":[{"href":"http:\/\/fegrama.cat\/web\/wp-json\/wp\/v2\/posts"}],"about":[{"href":"http:\/\/fegrama.cat\/web\/wp-json\/wp\/v2\/types\/post"}],"author":[{"embeddable":true,"href":"http:\/\/fegrama.cat\/web\/wp-json\/wp\/v2\/users\/1"}],"replies":[{"embeddable":true,"href":"http:\/\/fegrama.cat\/web\/wp-json\/wp\/v2\/comments?post=11742"}],"version-history":[{"count":2,"href":"http:\/\/fegrama.cat\/web\/wp-json\/wp\/v2\/posts\/11742\/revisions"}],"predecessor-version":[{"id":11746,"href":"http:\/\/fegrama.cat\/web\/wp-json\/wp\/v2\/posts\/11742\/revisions\/11746"}],"wp:attachment":[{"href":"http:\/\/fegrama.cat\/web\/wp-json\/wp\/v2\/media?parent=11742"}],"wp:term":[{"taxonomy":"category","embeddable":true,"href":"http:\/\/fegrama.cat\/web\/wp-json\/wp\/v2\/categories?post=11742"},{"taxonomy":"post_tag","embeddable":true,"href":"http:\/\/fegrama.cat\/web\/wp-json\/wp\/v2\/tags?post=11742"}],"curies":[{"name":"wp","href":"https:\/\/api.w.org\/{rel}","templated":true}]}}