{"id":11652,"date":"2015-05-25T10:49:24","date_gmt":"2015-05-25T09:49:24","guid":{"rendered":"http:\/\/fegrama.cat\/web\/?p=11652"},"modified":"2015-05-25T10:49:24","modified_gmt":"2015-05-25T09:49:24","slug":"lalevi-benjami-va-jugar-un-partit-amistos","status":"publish","type":"post","link":"http:\/\/fegrama.cat\/web\/lalevi-benjami-va-jugar-un-partit-amistos\/","title":{"rendered":"L&#8217;Alev\u00ed-Benjam\u00ed va jugar un partit amist\u00f3s"},"content":{"rendered":"<p>Amb la lliga ja tancada l&#8217;Alev\u00ed-Benjam\u00ed-Prebenjam\u00ed Femen\u00ed de la Fundaci\u00f3 Esportiva Grama va jugar un partit amist\u00f3s al camp del At.Masnou. Partit contra un rival que ha quedat en la mateixa posici\u00f3 que les nostres noies per\u00f2 en un altre grup de la lliga.<\/p>\n<p>Va ser un partit de poca intensitat per part de les nostres f\u00e8mines fins als 5 \u00faltims minuts de partit. Es pot dir que no van tenir el dia, sobretot el partit va servir per anar provant i definint l&#8217;equip per l&#8217;any vinent. El match va ser molt igualat causa de la falta d&#8217;intensitat i de precisi\u00f3 en les passades i en la creaci\u00f3 de jugades.<\/p>\n<p>A les noies els costava molt construir jugades a causa de les imperfeccions en les passades, falta de moviments&#8230; Es notava que no estaven en plena competici\u00f3 i la relaxaci\u00f3 de les nostres noies va fer que el partit sigui igualat. El factor sort va estar del costat local ja que la Fundaci\u00f3 enviaria tres vegades la pilota al pal i el Masnou va aconseguir anotar gol per guanyar per un ajustat 2-1.<\/p>\n<p><a href=\"http:\/\/fegrama.cat\/web\/wp-content\/uploads\/2014\/12\/ALEV\u00cd-BENJAM\u00cdFUNDACIO-GRAMA-SANTA-COLOMA.jpg\"><img loading=\"lazy\" decoding=\"async\" class=\"aligncenter size-full wp-image-8407\" alt=\"ALEV\u00cd-BENJAM\u00cdFUNDACIO GRAMA SANTA COLOMA\" src=\"http:\/\/fegrama.cat\/web\/wp-content\/uploads\/2014\/12\/ALEV\u00cd-BENJAM\u00cdFUNDACIO-GRAMA-SANTA-COLOMA.jpg\" width=\"640\" height=\"480\" srcset=\"http:\/\/fegrama.cat\/web\/wp-content\/uploads\/2014\/12\/ALEV\u00cd-BENJAM\u00cdFUNDACIO-GRAMA-SANTA-COLOMA.jpg 640w, http:\/\/fegrama.cat\/web\/wp-content\/uploads\/2014\/12\/ALEV\u00cd-BENJAM\u00cdFUNDACIO-GRAMA-SANTA-COLOMA-300x225.jpg 300w\" sizes=\"auto, (max-width: 640px) 100vw, 640px\" \/><\/a><\/p>\n<p>Con la liga ya cerrada el Alev\u00edn-Benjam\u00edn-Prebenjam\u00edn Femenino de la Fundaci\u00f3 Esportiva Grama jug\u00f3 un partido amistoso en el campo del At.Masnou.\u00a0Partido contra un rival que ha quedado en la misma posici\u00f3n que nuestras chicas pero en otro grupo de la liga.<\/p>\n<p>Fue un partido de poca intensidad por parte de nuestras f\u00e9minas hasta los 5 \u00faltimos minutos de partido. Se puede decir que no tuvieron el d\u00eda, sobretodo el partido sirvi\u00f3 para ir probando y definiendo el equipo para el a\u00f1o pr\u00f3ximo. El encuentro fue muy igualado debido a la falta de intensidad y de precisi\u00f3n en los pases y en la creaci\u00f3n de jugadas.<\/p>\n<p>A las chicas les costaba mucho construir jugadas debido a las imperfecciones en los pases, falta de movimientos&#8230; Se notaba que no estaban en plena competici\u00f3n y la relajaci\u00f3n de nuestras chicas llev\u00f3 a que el partido sea igualado. El factor suerte estuvo del lado local ya que la Fundaci\u00f3 enviar\u00eda tres veces la pelota al palo y el Masnou consigui\u00f3 anotar gol para ganar por un ajustado 2-1.<\/p>\n","protected":false},"excerpt":{"rendered":"<p>Amb la lliga ja tancada l&#8217;Alev\u00ed-Benjam\u00ed-Prebenjam\u00ed Femen\u00ed de la Fundaci\u00f3 Esportiva Grama va jugar un partit amist\u00f3s al camp del At.Masnou. Partit contra un rival que ha quedat en la mateixa posici\u00f3 que les nostres noies per\u00f2 en un altre grup de la lliga. Va ser un partit de poca intensitat per part de les [&hellip;]<\/p>\n","protected":false},"author":1,"featured_media":0,"comment_status":"closed","ping_status":"closed","sticky":false,"template":"","format":"standard","meta":{"footnotes":""},"categories":[4,13],"tags":[],"class_list":["post-11652","post","type-post","status-publish","format-standard","hentry","category-base-inclusiu","category-femeni"],"_links":{"self":[{"href":"http:\/\/fegrama.cat\/web\/wp-json\/wp\/v2\/posts\/11652","targetHints":{"allow":["GET"]}}],"collection":[{"href":"http:\/\/fegrama.cat\/web\/wp-json\/wp\/v2\/posts"}],"about":[{"href":"http:\/\/fegrama.cat\/web\/wp-json\/wp\/v2\/types\/post"}],"author":[{"embeddable":true,"href":"http:\/\/fegrama.cat\/web\/wp-json\/wp\/v2\/users\/1"}],"replies":[{"embeddable":true,"href":"http:\/\/fegrama.cat\/web\/wp-json\/wp\/v2\/comments?post=11652"}],"version-history":[{"count":1,"href":"http:\/\/fegrama.cat\/web\/wp-json\/wp\/v2\/posts\/11652\/revisions"}],"predecessor-version":[{"id":11653,"href":"http:\/\/fegrama.cat\/web\/wp-json\/wp\/v2\/posts\/11652\/revisions\/11653"}],"wp:attachment":[{"href":"http:\/\/fegrama.cat\/web\/wp-json\/wp\/v2\/media?parent=11652"}],"wp:term":[{"taxonomy":"category","embeddable":true,"href":"http:\/\/fegrama.cat\/web\/wp-json\/wp\/v2\/categories?post=11652"},{"taxonomy":"post_tag","embeddable":true,"href":"http:\/\/fegrama.cat\/web\/wp-json\/wp\/v2\/tags?post=11652"}],"curies":[{"name":"wp","href":"https:\/\/api.w.org\/{rel}","templated":true}]}}