{"id":11650,"date":"2015-05-24T19:05:44","date_gmt":"2015-05-24T18:05:44","guid":{"rendered":"http:\/\/fegrama.cat\/web\/?p=11650"},"modified":"2015-05-25T10:41:22","modified_gmt":"2015-05-25T09:41:22","slug":"lalevi-c-va-guanyar-fora-de-casa","status":"publish","type":"post","link":"http:\/\/fegrama.cat\/web\/lalevi-c-va-guanyar-fora-de-casa\/","title":{"rendered":"L&#8217;Alev\u00ed \u00abC\u00bb va guanyar fora de casa"},"content":{"rendered":"<p>Pen\u00faltima jornada de lliga i partit de molts gols el que vivim al CM Puig Gairalt, el marcador final va ser de 5-6 favorable a la Fundaci\u00f3 Esportiva Grama.<\/p>\n<p>Va ser un partit trepidant jugat en un camp excessivament petit. En els dos primers quarts l&#8217;equip va fer un gran treball aconseguint-se&#8217;n anar-se al descans amb un marcador de 3-6. Els golejadors de la primera meitat van ser de: V\u00edctor Qui\u00f1ones en dues ocasions, tamb\u00e9 dues vegades Oliver Israel Acosta, i finalment Gerard Arjona i Javier Hidalgo.<\/p>\n<p>Qualsevol rebot era una ocasi\u00f3 de gol i en el segon acte el Collblanc-Torrassa van apretar molt aconseguint retallar el marcador i posar-se a tan sols un gol de l&#8217;empat. L&#8217;Alev\u00ed \u00abC\u00bb va fallar moltes ocasions de gol per\u00f2 al final van aconseguir mantenir resultat.<\/p>\n<p>A falta d&#8217;una jornada l&#8217;equip \u00e9s tercer a la classificaci\u00f3, si la setmana que ve guanyen i perd l&#8217;equip que t\u00e9 davant aconseguirien tancar la temporada en segona posici\u00f3.<\/p>\n<p><a href=\"http:\/\/fegrama.cat\/web\/wp-content\/uploads\/2014\/12\/ALEV\u00cd-CFUNDACIO-GRAMA-SANTA-COLOMA.jpg\"><img loading=\"lazy\" decoding=\"async\" class=\"aligncenter size-full wp-image-8438\" alt=\"ALEV\u00cd CFUNDACIO GRAMA SANTA COLOMA\" src=\"http:\/\/fegrama.cat\/web\/wp-content\/uploads\/2014\/12\/ALEV\u00cd-CFUNDACIO-GRAMA-SANTA-COLOMA.jpg\" width=\"640\" height=\"480\" srcset=\"http:\/\/fegrama.cat\/web\/wp-content\/uploads\/2014\/12\/ALEV\u00cd-CFUNDACIO-GRAMA-SANTA-COLOMA.jpg 640w, http:\/\/fegrama.cat\/web\/wp-content\/uploads\/2014\/12\/ALEV\u00cd-CFUNDACIO-GRAMA-SANTA-COLOMA-300x225.jpg 300w\" sizes=\"auto, (max-width: 640px) 100vw, 640px\" \/><\/a><\/p>\n<p>Pen\u00faltima jornada de liga y partido de muchos goles el que vivimos en el CM Puig Gairalt, el marcador final fue de 5-6 favorable a la Fundaci\u00f3 Esportiva Grama.<\/p>\n<p>Fue un partido trepidante jugado en un campo excesivamente peque\u00f1o. En los dos primeros cuartos el equipo hizo un gran trabajo consiguiendo marcharse al descanso con un marcador de 3-6. Los goleadores de la primera mitad fueron de: V\u00edctor Qui\u00f1ones en dos ocasiones, \u00a0tambi\u00e9n dos veces Oliver Israel Acosta, y por \u00faltimo Gerard Arjona y Javier Hidalgo.<\/p>\n<p>Cualquier rebote era una ocasi\u00f3n de gol y en el segundo acto el Collblanc-Torrassa apretaron mucho consiguiendo recortar el marcador y ponerse a tan solo un gol del empate. El Alev\u00edn \u00abC\u00bb fall\u00f3 muchas ocasiones de gol pero al final lograron mantener resultado.<\/p>\n<p>A falta de una jornada el equipo es tercero en la clasificaci\u00f3n, si la semana que viene ganan y pierde el equipo que tiene delante conseguir\u00edan cerrar la temporada en segunda posici\u00f3n.<\/p>\n","protected":false},"excerpt":{"rendered":"<p>Pen\u00faltima jornada de lliga i partit de molts gols el que vivim al CM Puig Gairalt, el marcador final va ser de 5-6 favorable a la Fundaci\u00f3 Esportiva Grama. Va ser un partit trepidant jugat en un camp excessivament petit. En els dos primers quarts l&#8217;equip va fer un gran treball aconseguint-se&#8217;n anar-se al descans [&hellip;]<\/p>\n","protected":false},"author":1,"featured_media":9888,"comment_status":"closed","ping_status":"closed","sticky":false,"template":"","format":"standard","meta":{"footnotes":""},"categories":[10,4],"tags":[],"class_list":["post-11650","post","type-post","status-publish","format-standard","has-post-thumbnail","hentry","category-alevins","category-base-inclusiu"],"_links":{"self":[{"href":"http:\/\/fegrama.cat\/web\/wp-json\/wp\/v2\/posts\/11650","targetHints":{"allow":["GET"]}}],"collection":[{"href":"http:\/\/fegrama.cat\/web\/wp-json\/wp\/v2\/posts"}],"about":[{"href":"http:\/\/fegrama.cat\/web\/wp-json\/wp\/v2\/types\/post"}],"author":[{"embeddable":true,"href":"http:\/\/fegrama.cat\/web\/wp-json\/wp\/v2\/users\/1"}],"replies":[{"embeddable":true,"href":"http:\/\/fegrama.cat\/web\/wp-json\/wp\/v2\/comments?post=11650"}],"version-history":[{"count":1,"href":"http:\/\/fegrama.cat\/web\/wp-json\/wp\/v2\/posts\/11650\/revisions"}],"predecessor-version":[{"id":11651,"href":"http:\/\/fegrama.cat\/web\/wp-json\/wp\/v2\/posts\/11650\/revisions\/11651"}],"wp:featuredmedia":[{"embeddable":true,"href":"http:\/\/fegrama.cat\/web\/wp-json\/wp\/v2\/media\/9888"}],"wp:attachment":[{"href":"http:\/\/fegrama.cat\/web\/wp-json\/wp\/v2\/media?parent=11650"}],"wp:term":[{"taxonomy":"category","embeddable":true,"href":"http:\/\/fegrama.cat\/web\/wp-json\/wp\/v2\/categories?post=11650"},{"taxonomy":"post_tag","embeddable":true,"href":"http:\/\/fegrama.cat\/web\/wp-json\/wp\/v2\/tags?post=11650"}],"curies":[{"name":"wp","href":"https:\/\/api.w.org\/{rel}","templated":true}]}}