{"id":11644,"date":"2015-05-25T09:48:56","date_gmt":"2015-05-25T08:48:56","guid":{"rendered":"http:\/\/fegrama.cat\/web\/?p=11644"},"modified":"2015-05-25T10:07:48","modified_gmt":"2015-05-25T09:07:48","slug":"resum-dels-partits-de-les-escoles-2324-de-maig","status":"publish","type":"post","link":"http:\/\/fegrama.cat\/web\/resum-dels-partits-de-les-escoles-2324-de-maig\/","title":{"rendered":"Resum dels partits de les Escoles (23\/24 de maig)"},"content":{"rendered":"<p><a href=\"http:\/\/fegrama.cat\/web\/wp-content\/uploads\/2014\/12\/ESCOLA-AFUNDACIO-GRAMA-SANTA-COLOMA1.jpg\"><img loading=\"lazy\" decoding=\"async\" class=\"aligncenter\" alt=\"ESCOLA AFUNDACIO GRAMA SANTA COLOMA\" src=\"http:\/\/fegrama.cat\/web\/wp-content\/uploads\/2014\/12\/ESCOLA-AFUNDACIO-GRAMA-SANTA-COLOMA1.jpg\" width=\"640\" height=\"480\" \/><\/a><\/p>\n<p><span style=\"text-decoration: underline;\"><strong>MONTA\u00d1ESA 2-5 ESCUELA \u201cA\u201d<\/strong><\/span><\/p>\n<p>Malgrat visitar un camp dif\u00edcil els nois de l&#8217;Escola \u00abA\u00bb van ser una piconadora al Municipal de Nou Barris. Els colomencs no van voler que saltar\u00e0 la sorpresa, la Monta\u00f1esa era novena i la Fundaci\u00f3 era quarta, i el marcador va ser clar per als interessos blaus. Molt bon partit jugat per tots amb un hat-trick de Lucas.<\/p>\n<p><em><strong>Mart\u00edn (entrenador): \u00abVolem dedicar aquest triomf a Hugo que no va jugar per varicel\u00b7la i a Pol que estava de viatge a Madrid per a una comuni\u00f3.\u00bb<\/strong><\/em><\/p>\n<p>Pese a visitar un campo dif\u00edcil los chicos de la Escuela \u00abA\u00bb fueron una apisonadora en el Municipal de Nou Barris. Los colomenses no quisieron que saltar\u00e1 la sorpresa, la Monta\u00f1esa era novena y la Fundaci\u00f3 era cuarta, y el marcador fue claro para los intereses azules. Muy buen partido jugado por todos con un &#8216;hat-trick&#8217; de Lucas.<\/p>\n<p>Mart\u00edn (entrenador): \u00abQueremos dedicar este triunfo a Hugo no jug\u00f3 por varicela y a Pol que estaba de viaje a Madrid para una comuni\u00f3n.\u00bb<\/p>\n<p><a href=\"http:\/\/fegrama.cat\/web\/wp-content\/uploads\/2014\/12\/ESCOLA-BFUNDACIO-GRAMA-SANTA-COLOMA.jpg\"><img loading=\"lazy\" decoding=\"async\" class=\"aligncenter\" alt=\"ESCOLA BFUNDACIO GRAMA SANTA COLOMA\" src=\"http:\/\/fegrama.cat\/web\/wp-content\/uploads\/2014\/12\/ESCOLA-BFUNDACIO-GRAMA-SANTA-COLOMA.jpg\" width=\"640\" height=\"480\" \/><\/a><\/p>\n<p><span style=\"text-decoration: underline;\"><strong>ESCUELA \u201cB\u201d 3-2 MONTA\u00d1ESA<\/strong><\/span><\/p>\n<p>Partit molt complicat el que va tenir l&#8217;equip de Cervantes. Malgrat posar-se 2-0 al marcador els visitants van pr\u00e9mer i van aconseguir empatar. S&#8217;estava veient un duel molt igualat i emocionant, finalment els locals van ser capa\u00e7os de marcar un gol m\u00e9s per poder endur-se una important vict\u00f2ria.<\/p>\n<p><em><strong>Cervantes (entrenadors): \u00abHem estat la majoria de l&#8217;equip adormit, vull els nens m\u00e9s vius i m\u00e9s desperts, atenci\u00f3 vull que gaudeixin per\u00f2 treballo perqu\u00e8 estiguin al m\u00e0xim. Vull que treballin molt els meus jugadors.\u00bb<\/strong><\/em><\/p>\n<p>Partido muy complicado el que tuvo el equipo de Cervantes. Pese a ponerse 2-0 en el marcador los visitantes apretaron y consiguieron empatar. Se estaba viendo un duelo muy igualado y emocionante, finalmente los locales fueron capaces de marcar un gol m\u00e1s para poder llevarse una importante victoria. Quiz\u00e1s los ni\u00f1os de la Grama no estuvieron al nivel que nos tienen acostumbrados pero lo importante es que ganaron<\/p>\n<p>Cervantes (entrenadores): \u00abHemos estado la mayor\u00eda del equipo dormido, quiero a los ni\u00f1os m\u00e1s vivos y m\u00e1s despiertos, atenci\u00f3n quiero que disfruten pero trabajo para que est\u00e9n a tope. Quiero \u00a0que trabajen mucho mis jugadores.\u00bb<\/p>\n<p><a href=\"http:\/\/fegrama.cat\/web\/wp-content\/uploads\/2014\/12\/ESCOLA-CFUNDACIO-GRAMA-SANTA-COLOMA.jpg\"><img loading=\"lazy\" decoding=\"async\" class=\"aligncenter\" alt=\"ESCOLA CFUNDACIO GRAMA SANTA COLOMA\" src=\"http:\/\/fegrama.cat\/web\/wp-content\/uploads\/2014\/12\/ESCOLA-CFUNDACIO-GRAMA-SANTA-COLOMA.jpg\" width=\"640\" height=\"480\" \/><\/a><\/p>\n<p><span style=\"text-decoration: underline;\"><strong>ESCUELA \u201cC\u201d 2-0 B\u00daFALA<\/strong><\/span><\/p>\n<p>Al Municipal Les Oliveres vam veure un partit entre equips de ciutats ve\u00efnes i entre equips situats a la zona baixa de la classificaci\u00f3. La Fundaci\u00f3 Esportiva Grama va tenir un partit treballat, dominat en tot moment pels colomencs ja que l&#8217;equip rival no va xutar ni una vegada a porteria. Eric Mart\u00ednez i Eric Joan van marcar els dos gols de la vict\u00f2ria.<\/p>\n<p>En el Municipal Les Oliveres vimos un partido entre equipos de ciudades vecinas y entre equipos situados en la zona baja de la clasificaci\u00f3n. La Fundaci\u00f3 Esportiva Grama tuvo un partido trabajado, dominado en todo momento por los colomenses ya que el equipo rival no chuto ni una vez a porter\u00eda. Eric Mart\u00ednez y Eric Joan marcaron los dos goles de la victoria.<\/p>\n","protected":false},"excerpt":{"rendered":"<p>MONTA\u00d1ESA 2-5 ESCUELA \u201cA\u201d Malgrat visitar un camp dif\u00edcil els nois de l&#8217;Escola \u00abA\u00bb van ser una piconadora al Municipal de Nou Barris. Els colomencs no van voler que saltar\u00e0 la sorpresa, la Monta\u00f1esa era novena i la Fundaci\u00f3 era quarta, i el marcador va ser clar per als interessos blaus. Molt bon partit jugat [&hellip;]<\/p>\n","protected":false},"author":1,"featured_media":0,"comment_status":"closed","ping_status":"closed","sticky":false,"template":"","format":"standard","meta":{"footnotes":""},"categories":[4,33],"tags":[],"class_list":["post-11644","post","type-post","status-publish","format-standard","hentry","category-base-inclusiu","category-escola-diari-feg"],"_links":{"self":[{"href":"http:\/\/fegrama.cat\/web\/wp-json\/wp\/v2\/posts\/11644","targetHints":{"allow":["GET"]}}],"collection":[{"href":"http:\/\/fegrama.cat\/web\/wp-json\/wp\/v2\/posts"}],"about":[{"href":"http:\/\/fegrama.cat\/web\/wp-json\/wp\/v2\/types\/post"}],"author":[{"embeddable":true,"href":"http:\/\/fegrama.cat\/web\/wp-json\/wp\/v2\/users\/1"}],"replies":[{"embeddable":true,"href":"http:\/\/fegrama.cat\/web\/wp-json\/wp\/v2\/comments?post=11644"}],"version-history":[{"count":3,"href":"http:\/\/fegrama.cat\/web\/wp-json\/wp\/v2\/posts\/11644\/revisions"}],"predecessor-version":[{"id":11647,"href":"http:\/\/fegrama.cat\/web\/wp-json\/wp\/v2\/posts\/11644\/revisions\/11647"}],"wp:attachment":[{"href":"http:\/\/fegrama.cat\/web\/wp-json\/wp\/v2\/media?parent=11644"}],"wp:term":[{"taxonomy":"category","embeddable":true,"href":"http:\/\/fegrama.cat\/web\/wp-json\/wp\/v2\/categories?post=11644"},{"taxonomy":"post_tag","embeddable":true,"href":"http:\/\/fegrama.cat\/web\/wp-json\/wp\/v2\/tags?post=11644"}],"curies":[{"name":"wp","href":"https:\/\/api.w.org\/{rel}","templated":true}]}}