{"id":11641,"date":"2015-05-24T18:26:33","date_gmt":"2015-05-24T17:26:33","guid":{"rendered":"http:\/\/fegrama.cat\/web\/?p=11641"},"modified":"2015-05-24T19:18:02","modified_gmt":"2015-05-24T18:18:02","slug":"lalevi-e-finalitza-la-temporada-amb-victoria","status":"publish","type":"post","link":"http:\/\/fegrama.cat\/web\/lalevi-e-finalitza-la-temporada-amb-victoria\/","title":{"rendered":"L&#8217;Alev\u00ed \u00abE\u00bb finalitza la temporada amb vict\u00f2ria"},"content":{"rendered":"<p>L&#8217;Alev\u00ed \u00abE\u00bb tanca la temporada amb 19 partits seguits sense perdre (17 vict\u00f2ries i 2 empats), una ratxa imperial que desgraciadament no li ha donat el campionat de lliga, acaben en segona posici\u00f3 amb 66 punts.<\/p>\n<p>Els colomencs van golejar aquesta jornada a Sant Mart\u00ed-Condal per 14-1, va ser sens dubte un partit de tr\u00e0mit dominat tota l&#8217;estona per la Fundaci\u00f3 i sense donar-li oportunitat al rival. Els gols dels partits fur de: Eric M\u00e1rquez dues vegades, Rub\u00e9n L\u00f3pez un hat-trick &#8216;, Javier Estevez marc dos gols igual que Adam Navas, Pol Salgado en quatre ocasions i Armand Balla.<\/p>\n<p><a href=\"http:\/\/fegrama.cat\/web\/wp-content\/uploads\/2015\/05\/clasalevE24051.jpg\"><img loading=\"lazy\" decoding=\"async\" class=\"aligncenter size-full wp-image-11642\" alt=\"clasalevE24051\" src=\"http:\/\/fegrama.cat\/web\/wp-content\/uploads\/2015\/05\/clasalevE24051.jpg\" width=\"760\" height=\"378\" \/><\/a><\/p>\n<p>El Alev\u00edn \u00abE\u00bb cierra la temporada con 19 partidos seguidos sin perder (17 victorias y 2 empates), una racha imperial que desgraciadamente no le ha dado el campeonato de liga, acaban en segunda posici\u00f3n con 66 puntos.<\/p>\n<p>Los colomenses golearon esta jornada al Sant Mart\u00ed-Condal por 14-1, fue sin duda un partido de tr\u00e1mite dominado todo el rato por la Fundaci\u00f3 y sin darle oportunidad al rival. Los goles de los partidos fuero de: Eric M\u00e1rquez dos veces, Rub\u00e9n L\u00f3pez un &#8216;hat-trick&#8217;, Javier Estevez marco dos goles igual que Adam Navas, Pol Salgado en cuatro ocasiones y Armand Baila.<\/p>\n","protected":false},"excerpt":{"rendered":"<p>L&#8217;Alev\u00ed \u00abE\u00bb tanca la temporada amb 19 partits seguits sense perdre (17 vict\u00f2ries i 2 empats), una ratxa imperial que desgraciadament no li ha donat el campionat de lliga, acaben en segona posici\u00f3 amb 66 punts. Els colomencs van golejar aquesta jornada a Sant Mart\u00ed-Condal per 14-1, va ser sens dubte un partit de tr\u00e0mit [&hellip;]<\/p>\n","protected":false},"author":1,"featured_media":8433,"comment_status":"closed","ping_status":"closed","sticky":false,"template":"","format":"standard","meta":{"footnotes":""},"categories":[10,4],"tags":[],"class_list":["post-11641","post","type-post","status-publish","format-standard","has-post-thumbnail","hentry","category-alevins","category-base-inclusiu"],"_links":{"self":[{"href":"http:\/\/fegrama.cat\/web\/wp-json\/wp\/v2\/posts\/11641","targetHints":{"allow":["GET"]}}],"collection":[{"href":"http:\/\/fegrama.cat\/web\/wp-json\/wp\/v2\/posts"}],"about":[{"href":"http:\/\/fegrama.cat\/web\/wp-json\/wp\/v2\/types\/post"}],"author":[{"embeddable":true,"href":"http:\/\/fegrama.cat\/web\/wp-json\/wp\/v2\/users\/1"}],"replies":[{"embeddable":true,"href":"http:\/\/fegrama.cat\/web\/wp-json\/wp\/v2\/comments?post=11641"}],"version-history":[{"count":1,"href":"http:\/\/fegrama.cat\/web\/wp-json\/wp\/v2\/posts\/11641\/revisions"}],"predecessor-version":[{"id":11643,"href":"http:\/\/fegrama.cat\/web\/wp-json\/wp\/v2\/posts\/11641\/revisions\/11643"}],"wp:featuredmedia":[{"embeddable":true,"href":"http:\/\/fegrama.cat\/web\/wp-json\/wp\/v2\/media\/8433"}],"wp:attachment":[{"href":"http:\/\/fegrama.cat\/web\/wp-json\/wp\/v2\/media?parent=11641"}],"wp:term":[{"taxonomy":"category","embeddable":true,"href":"http:\/\/fegrama.cat\/web\/wp-json\/wp\/v2\/categories?post=11641"},{"taxonomy":"post_tag","embeddable":true,"href":"http:\/\/fegrama.cat\/web\/wp-json\/wp\/v2\/tags?post=11641"}],"curies":[{"name":"wp","href":"https:\/\/api.w.org\/{rel}","templated":true}]}}