{"id":11637,"date":"2015-05-24T18:37:19","date_gmt":"2015-05-24T17:37:19","guid":{"rendered":"http:\/\/fegrama.cat\/web\/?p=11637"},"modified":"2015-05-24T18:37:19","modified_gmt":"2015-05-24T17:37:19","slug":"lalevi-d-va-golejar-a-la-pb-barcino","status":"publish","type":"post","link":"http:\/\/fegrama.cat\/web\/lalevi-d-va-golejar-a-la-pb-barcino\/","title":{"rendered":"L&#8217;Alev\u00ed \u00abD\u00bb va golejar a la PB Barcino"},"content":{"rendered":"<p>L&#8217; Alev\u00ed \u00abD\u00bb es va passejar al Nou Municipal contra la Penya Barcelonista Barcino i segueix segon a la Lliga.<\/p>\n<p>Els colomencs es van posar molt r\u00e0pid per davant i finalment amb un molt bon joc van quedar 16-0. Un partit amb moltes rotacions on tots els jugadors de la Grama van canviar la seva posicio per una d&#8217;altre.<\/p>\n<p>Els gols van ser de: Adri\u00e1n Guti\u00e9rrez cinc vegades, Adam Zenagui quatre vegades, Joao Fernando tres vegades, Yeray Ru\u00edz dos vegades y dos de Guillem Morales.<\/p>\n<p><a href=\"http:\/\/fegrama.cat\/web\/wp-content\/uploads\/2014\/12\/ALEV\u00cd-DFUNDACIO-GRAMA-SANTA-COLOMA.jpg\"><img loading=\"lazy\" decoding=\"async\" class=\"aligncenter size-full wp-image-8435\" alt=\"ALEV\u00cd DFUNDACIO GRAMA SANTA COLOMA\" src=\"http:\/\/fegrama.cat\/web\/wp-content\/uploads\/2014\/12\/ALEV\u00cd-DFUNDACIO-GRAMA-SANTA-COLOMA.jpg\" width=\"640\" height=\"480\" srcset=\"http:\/\/fegrama.cat\/web\/wp-content\/uploads\/2014\/12\/ALEV\u00cd-DFUNDACIO-GRAMA-SANTA-COLOMA.jpg 640w, http:\/\/fegrama.cat\/web\/wp-content\/uploads\/2014\/12\/ALEV\u00cd-DFUNDACIO-GRAMA-SANTA-COLOMA-300x225.jpg 300w\" sizes=\"auto, (max-width: 640px) 100vw, 640px\" \/><\/a><\/p>\n<p>El Alev\u00edn \u00abD\u00bb se pase\u00f3 en el Nou Municipal contra la Pe\u00f1a Barcelonista Barcino y sigue segundo en la Liga.<\/p>\n<p>Los colomenses se pusieron muy r\u00e1pido por delante y finalmente con un muy buen juego quedaron 16-0. Un partido con muchas rotaciones donde todos los jugadores de la Grama cambiaron su posici\u00f3n por una de otro.<\/p>\n<p>Los goles fueron de: Adri\u00e1n Guti\u00e9rrez cinco veces, Adam Zenagui cuatro veces, Joao Fernando tres veces, Yeray Ru\u00edz dos veces y dos de Guillem Morales.<\/p>\n<p>&nbsp;<\/p>\n","protected":false},"excerpt":{"rendered":"<p>L&#8217; Alev\u00ed \u00abD\u00bb es va passejar al Nou Municipal contra la Penya Barcelonista Barcino i segueix segon a la Lliga. Els colomencs es van posar molt r\u00e0pid per davant i finalment amb un molt bon joc van quedar 16-0. Un partit amb moltes rotacions on tots els jugadors de la Grama van canviar la seva [&hellip;]<\/p>\n","protected":false},"author":1,"featured_media":0,"comment_status":"closed","ping_status":"closed","sticky":false,"template":"","format":"standard","meta":{"footnotes":""},"categories":[10,4],"tags":[],"class_list":["post-11637","post","type-post","status-publish","format-standard","hentry","category-alevins","category-base-inclusiu"],"_links":{"self":[{"href":"http:\/\/fegrama.cat\/web\/wp-json\/wp\/v2\/posts\/11637","targetHints":{"allow":["GET"]}}],"collection":[{"href":"http:\/\/fegrama.cat\/web\/wp-json\/wp\/v2\/posts"}],"about":[{"href":"http:\/\/fegrama.cat\/web\/wp-json\/wp\/v2\/types\/post"}],"author":[{"embeddable":true,"href":"http:\/\/fegrama.cat\/web\/wp-json\/wp\/v2\/users\/1"}],"replies":[{"embeddable":true,"href":"http:\/\/fegrama.cat\/web\/wp-json\/wp\/v2\/comments?post=11637"}],"version-history":[{"count":1,"href":"http:\/\/fegrama.cat\/web\/wp-json\/wp\/v2\/posts\/11637\/revisions"}],"predecessor-version":[{"id":11638,"href":"http:\/\/fegrama.cat\/web\/wp-json\/wp\/v2\/posts\/11637\/revisions\/11638"}],"wp:attachment":[{"href":"http:\/\/fegrama.cat\/web\/wp-json\/wp\/v2\/media?parent=11637"}],"wp:term":[{"taxonomy":"category","embeddable":true,"href":"http:\/\/fegrama.cat\/web\/wp-json\/wp\/v2\/categories?post=11637"},{"taxonomy":"post_tag","embeddable":true,"href":"http:\/\/fegrama.cat\/web\/wp-json\/wp\/v2\/tags?post=11637"}],"curies":[{"name":"wp","href":"https:\/\/api.w.org\/{rel}","templated":true}]}}