{"id":11620,"date":"2015-05-22T18:12:04","date_gmt":"2015-05-22T17:12:04","guid":{"rendered":"http:\/\/fegrama.cat\/web\/?p=11620"},"modified":"2015-05-22T18:12:04","modified_gmt":"2015-05-22T17:12:04","slug":"previes-de-les-escoles-23-i-24-de-maig","status":"publish","type":"post","link":"http:\/\/fegrama.cat\/web\/previes-de-les-escoles-23-i-24-de-maig\/","title":{"rendered":"Previ\u00e8s de les Escoles (23 i 24 de maig)"},"content":{"rendered":"<p><a href=\"http:\/\/fegrama.cat\/web\/wp-content\/uploads\/2014\/12\/ESCOLA-AFUNDACIO-GRAMA-SANTA-COLOMA1.jpg\"><img loading=\"lazy\" decoding=\"async\" class=\"aligncenter size-full wp-image-8467\" alt=\"ESCOLA AFUNDACIO GRAMA SANTA COLOMA\" src=\"http:\/\/fegrama.cat\/web\/wp-content\/uploads\/2014\/12\/ESCOLA-AFUNDACIO-GRAMA-SANTA-COLOMA1.jpg\" width=\"640\" height=\"480\" \/><\/a><\/p>\n<p>MONTA\u00d1ESA-ESCUELA \u00abA\u00bb<\/p>\n<p>Camp dif\u00edcil el que visitar\u00e0 l&#8217;equip escola \u00abA\u00bb de la Fundaci\u00f3 Esportiva Grama, en el seu despla\u00e7ament al Municipal de Nou Barris, per enfrontar-se a la Monta\u00f1esa. En qualsevol cas la temporada ha estat molt diferent per als dos equipos.Los colomencs ocupen un quart lloc amb 51 punts i la Monta\u00f1esa est\u00e0 en novena posici\u00f3 amb 28. La difer\u00e8ncia \u00e9s \u00f2bvia i si a m\u00e9s es reflecteix en el camp, es pot dir que els de Santa Coloma, tenen ocasi\u00f3 de puntuar. El xoc es jugar\u00e0 dissabte a les 13.40 hores.<\/p>\n<p>Campo dif\u00edcil el que visitar\u00e1 el equipo escuela \u00abA\u00bb de la Fundaci\u00f3 Esportiva Grama, en su desplazamiento al Municipal de Nou Barris, para enfrentarse a la Monta\u00f1esa. En cualquier caso la temporada ha sido muy diferente para los dos equipos.Los colomenses ocupan un cuarto lugar con 51 puntos y la Monta\u00f1esa est\u00e1 en novena posici\u00f3n con 28. La diferencia es obvia y si adem\u00e1s se refleja en el campo, puede decirse que los de Santa Coloma, tienen ocasi\u00f3n de puntuar. El choque se jugar\u00e1 el s\u00e1bado a las 13.40 horas.<\/p>\n<p><a href=\"http:\/\/fegrama.cat\/web\/wp-content\/uploads\/2014\/12\/ESCOLA-BFUNDACIO-GRAMA-SANTA-COLOMA.jpg\"><img loading=\"lazy\" decoding=\"async\" class=\"aligncenter size-full wp-image-8468\" alt=\"ESCOLA BFUNDACIO GRAMA SANTA COLOMA\" src=\"http:\/\/fegrama.cat\/web\/wp-content\/uploads\/2014\/12\/ESCOLA-BFUNDACIO-GRAMA-SANTA-COLOMA.jpg\" width=\"640\" height=\"480\" \/><\/a><\/p>\n<p>ESCUELA \u00abB\u00bb-MONTA\u00d1ESA<\/p>\n<p>Diumenge que ve a les 10.00 hores al Nou Municipal, l&#8217;equip escola \u00abB\u00bb de la Fundaci\u00f3 Esportiva Grama, rebr\u00e0 la visita de la Monta\u00f1esa. Un partit que, en principi, es pot resoldre favorablement per als locals si tenim en compte la difer\u00e8ncia entre els dos equips, en aquest cas en favor dels colomencs.<\/p>\n<p>El pr\u00f3ximo domingo a las 10.00 horas en el Nou Municipal, el equipo escuela \u00abB\u00bb de la Fundaci\u00f3 Esportiva Grama, recibir\u00e1 la visita de la Monta\u00f1esa. Un partido que, en principio, se puede resolver favorablemente para los locales si tenemos en cuenta la diferencia entre los dos equipos, en este caso en favor de los colomenses.<\/p>\n<p><a href=\"http:\/\/fegrama.cat\/web\/wp-content\/uploads\/2014\/12\/ESCOLA-CFUNDACIO-GRAMA-SANTA-COLOMA.jpg\"><img loading=\"lazy\" decoding=\"async\" class=\"aligncenter size-full wp-image-8469\" alt=\"ESCOLA CFUNDACIO GRAMA SANTA COLOMA\" src=\"http:\/\/fegrama.cat\/web\/wp-content\/uploads\/2014\/12\/ESCOLA-CFUNDACIO-GRAMA-SANTA-COLOMA.jpg\" width=\"640\" height=\"480\" \/><\/a><\/p>\n<p>ESCUELA \u00abC\u00bb-BUFALA<\/p>\n<p>Partit de rivalitat comarcal entre l&#8217;equip escola \u00abC\u00bb de la Fundaci\u00f3 Esportiva Grama i el Bufal\u00e0. Es d\u00f3na la circumst\u00e0ncia en aquest partit que els dos equips van per la zona baixa de la classificaci\u00f3, amb millor puntuaci\u00f3 per als locals. Pot passar de tot, per\u00f2 esperem que aquesta difer\u00e8ncia favorable a la Grama es reflecteixi en el camp tamb\u00e9. El xoc es jugar\u00e0 dissabte a les 15.00 hores en elMunicipal de Les Oliveres.<\/p>\n<p>Partido de rivalidad comarcal entre el equipo escuela \u00abC\u00bb de la Fundaci\u00f3 Esportiva Grama y el Bufal\u00e1. Se da la circunstancia en este partido que los dos equipos andan por la zona baja de la clasificaci\u00f3n, con mejor puntuaci\u00f3n para los locales. Puede ocurrir de todo, pero esperemos que esa diferencia favorable a la Grama se refleje en el campo tambi\u00e9n. El choque se jugar\u00e1 el s\u00e1bado a las 15.00 horas en elMunicipal de Les Oliveres.<\/p>\n","protected":false},"excerpt":{"rendered":"<p>MONTA\u00d1ESA-ESCUELA \u00abA\u00bb Camp dif\u00edcil el que visitar\u00e0 l&#8217;equip escola \u00abA\u00bb de la Fundaci\u00f3 Esportiva Grama, en el seu despla\u00e7ament al Municipal de Nou Barris, per enfrontar-se a la Monta\u00f1esa. En qualsevol cas la temporada ha estat molt diferent per als dos equipos.Los colomencs ocupen un quart lloc amb 51 punts i la Monta\u00f1esa est\u00e0 en [&hellip;]<\/p>\n","protected":false},"author":1,"featured_media":0,"comment_status":"closed","ping_status":"closed","sticky":false,"template":"","format":"standard","meta":{"footnotes":""},"categories":[4,33],"tags":[],"class_list":["post-11620","post","type-post","status-publish","format-standard","hentry","category-base-inclusiu","category-escola-diari-feg"],"_links":{"self":[{"href":"http:\/\/fegrama.cat\/web\/wp-json\/wp\/v2\/posts\/11620","targetHints":{"allow":["GET"]}}],"collection":[{"href":"http:\/\/fegrama.cat\/web\/wp-json\/wp\/v2\/posts"}],"about":[{"href":"http:\/\/fegrama.cat\/web\/wp-json\/wp\/v2\/types\/post"}],"author":[{"embeddable":true,"href":"http:\/\/fegrama.cat\/web\/wp-json\/wp\/v2\/users\/1"}],"replies":[{"embeddable":true,"href":"http:\/\/fegrama.cat\/web\/wp-json\/wp\/v2\/comments?post=11620"}],"version-history":[{"count":2,"href":"http:\/\/fegrama.cat\/web\/wp-json\/wp\/v2\/posts\/11620\/revisions"}],"predecessor-version":[{"id":11626,"href":"http:\/\/fegrama.cat\/web\/wp-json\/wp\/v2\/posts\/11620\/revisions\/11626"}],"wp:attachment":[{"href":"http:\/\/fegrama.cat\/web\/wp-json\/wp\/v2\/media?parent=11620"}],"wp:term":[{"taxonomy":"category","embeddable":true,"href":"http:\/\/fegrama.cat\/web\/wp-json\/wp\/v2\/categories?post=11620"},{"taxonomy":"post_tag","embeddable":true,"href":"http:\/\/fegrama.cat\/web\/wp-json\/wp\/v2\/tags?post=11620"}],"curies":[{"name":"wp","href":"https:\/\/api.w.org\/{rel}","templated":true}]}}