{"id":11531,"date":"2015-05-17T17:30:19","date_gmt":"2015-05-17T16:30:19","guid":{"rendered":"http:\/\/fegrama.cat\/web\/?p=11531"},"modified":"2015-05-18T17:53:26","modified_gmt":"2015-05-18T16:53:26","slug":"el-masnou-guanya-al-juvenil-b-de-la-f-e-grama","status":"publish","type":"post","link":"http:\/\/fegrama.cat\/web\/el-masnou-guanya-al-juvenil-b-de-la-f-e-grama\/","title":{"rendered":"El Masnou guanya al Juvenil \u00abB\u00bb de la F.E.Grama"},"content":{"rendered":"<p>Partit amb poca hist\u00f2ria el que enfrontava al juvenil \u00abB\u00bb de la Fundaci\u00f3 Esportiva Grama contra el Masnou.<\/p>\n<p>Una trobada que va comen\u00e7ar m\u00e9s o menys igualat i que transcorreguts deu minuts va passar a ser de clar domini visitant. La Grama sense massa ambici\u00f3 va poder veure com la possibilitat de puntuar se&#8217;ls anava de les mans, circumst\u00e0ncia que pot atribuir-se a una certa passivitat dels locals.<\/p>\n<p>En honor a la veritat cal recon\u00e8ixer els m\u00e8rits de l&#8217;equip del Maresme, que va posar molt mes en el transcurs del partit i va generar for\u00e7a ocasions de gol, fins i tot es podia dir que al final va ser un resultat curt vist el vist sobre el terreny de joc . Res a oposar, per tant, al triomf visitant que va ser mes que merescut.<\/p>\n<p><a href=\"http:\/\/fegrama.cat\/web\/wp-content\/uploads\/2014\/12\/JUVENIL-B-2FUNDACIO-GRAMA-SANTA-COLOMA.jpg\"><img loading=\"lazy\" decoding=\"async\" class=\"aligncenter size-full wp-image-8380\" alt=\"JUVENIL B (2)FUNDACIO GRAMA SANTA COLOMA\" src=\"http:\/\/fegrama.cat\/web\/wp-content\/uploads\/2014\/12\/JUVENIL-B-2FUNDACIO-GRAMA-SANTA-COLOMA.jpg\" width=\"640\" height=\"480\" \/><\/a><\/p>\n<p>Partido con poca historia el que enfrentaba al juvenil \u00abB\u00bb de la Fundaci\u00f3 Esportiva Grama contra el Masnou.<\/p>\n<p>Un encuentro que empez\u00f3 mas o menos igualado y que transcurridos diez minutos pas\u00f3 a ser de claro dominio visitante. La Grama sin demasiada ambici\u00f3n pudo ver como la posibilidad de puntuar se les iba de las manos, circunstancia que puede atribuirse a una cierta pasividad de los locales.<\/p>\n<p>En honor a la verdad hay que reconocer los m\u00e9ritos del equipo del Maresme, que puso mucho mas en el transcurso del partido y gener\u00f3 bastantes ocasiones de gol, incluso se pod\u00eda decir que al final fue un resultado corto visto lo visto sobre el terreno de juego. Nada que oponer, por lo tanto, al triunfo visitante que fue mas que merecido.<\/p>\n","protected":false},"excerpt":{"rendered":"<p>Partit amb poca hist\u00f2ria el que enfrontava al juvenil \u00abB\u00bb de la Fundaci\u00f3 Esportiva Grama contra el Masnou. Una trobada que va comen\u00e7ar m\u00e9s o menys igualat i que transcorreguts deu minuts va passar a ser de clar domini visitant. La Grama sense massa ambici\u00f3 va poder veure com la possibilitat de puntuar se&#8217;ls anava [&hellip;]<\/p>\n","protected":false},"author":1,"featured_media":0,"comment_status":"closed","ping_status":"closed","sticky":false,"template":"","format":"standard","meta":{"footnotes":""},"categories":[4,6],"tags":[],"class_list":["post-11531","post","type-post","status-publish","format-standard","hentry","category-base-inclusiu","category-juvenils"],"_links":{"self":[{"href":"http:\/\/fegrama.cat\/web\/wp-json\/wp\/v2\/posts\/11531","targetHints":{"allow":["GET"]}}],"collection":[{"href":"http:\/\/fegrama.cat\/web\/wp-json\/wp\/v2\/posts"}],"about":[{"href":"http:\/\/fegrama.cat\/web\/wp-json\/wp\/v2\/types\/post"}],"author":[{"embeddable":true,"href":"http:\/\/fegrama.cat\/web\/wp-json\/wp\/v2\/users\/1"}],"replies":[{"embeddable":true,"href":"http:\/\/fegrama.cat\/web\/wp-json\/wp\/v2\/comments?post=11531"}],"version-history":[{"count":2,"href":"http:\/\/fegrama.cat\/web\/wp-json\/wp\/v2\/posts\/11531\/revisions"}],"predecessor-version":[{"id":11545,"href":"http:\/\/fegrama.cat\/web\/wp-json\/wp\/v2\/posts\/11531\/revisions\/11545"}],"wp:attachment":[{"href":"http:\/\/fegrama.cat\/web\/wp-json\/wp\/v2\/media?parent=11531"}],"wp:term":[{"taxonomy":"category","embeddable":true,"href":"http:\/\/fegrama.cat\/web\/wp-json\/wp\/v2\/categories?post=11531"},{"taxonomy":"post_tag","embeddable":true,"href":"http:\/\/fegrama.cat\/web\/wp-json\/wp\/v2\/tags?post=11531"}],"curies":[{"name":"wp","href":"https:\/\/api.w.org\/{rel}","templated":true}]}}