{"id":11500,"date":"2015-05-17T09:57:28","date_gmt":"2015-05-17T08:57:28","guid":{"rendered":"http:\/\/fegrama.cat\/web\/?p=11500"},"modified":"2015-05-18T17:54:45","modified_gmt":"2015-05-18T16:54:45","slug":"lalevi-benjami-li-fica-una-maneta-al-seu-rival","status":"publish","type":"post","link":"http:\/\/fegrama.cat\/web\/lalevi-benjami-li-fica-una-maneta-al-seu-rival\/","title":{"rendered":"L&#8217;Alev\u00ed-Benjam\u00ed li fica una &#8216;maneta&#8217; al seu rival"},"content":{"rendered":"<p>S&#8217;ha acabat la temporada de competici\u00f3 oficial, ad\u00e9u a la lliga i ad\u00e9u al Torneig Complementari que va organitzar la FCF. L&#8217;Alev\u00ed-Benjam\u00ed-Prebenjam\u00ed va acabar la temporada de la millor manera: guanyant 5-0, acabant en una gran segona posici\u00f3 i sent l&#8217;equip m\u00e9s golejador del grup amb 31 gols.<\/p>\n<p>Les noies de la F.E.Grama van acomiadar la temporada jugant al Nou Municipal de Santa Coloma davant els Salesians-Matar\u00f3, el pitjor equip del grup. L&#8217;equip de Jordi P\u00e9rez va ser en tot moment millor i superior al seu rival, tenien la pilota i les ocasions, i enrere defensaven molt b\u00e9 sense deixar a penes acostar-se a l&#8217;\u00e0rea a l&#8217;equip de Matar\u00f3.<\/p>\n<p>Als cinc minuts de joc un tir de falta directa de Tatiana es convertia en el 1-0, un aut\u00e8ntic gol\u00e0s. Deu minuts despr\u00e9s d&#8217;una jugada personal de Carla Conde acabava convertint-se en el segon gol del partit. Abans del descans van arribar dos gols m\u00e9s, primer de M\u00f3nica Mart\u00ednez i despr\u00e9s de Yaiza L\u00f3pez.<\/p>\n<p>El partit estava completament sentenciat, les petites eren molt superiors al seu rival. Poc treball va tenir Xenia a porteria; abans del final del partit Patricia P\u00e9rez aconseguia el definitiu 5-0 per les colomenques.<\/p>\n<p><strong>FOTOS DEL PARTIT:<\/strong>\u00a0<a href=\"https:\/\/plus.google.com\/photos\/+FegSantacoloma\/albums\/6149766578064142353\" target=\"_blank\">https:\/\/plus.google.com\/photos\/+FegSantacoloma\/albums\/6149766578064142353<\/a><\/p>\n<p><a href=\"http:\/\/fegrama.cat\/web\/wp-content\/uploads\/2014\/12\/ALEV\u00cd-BENJAM\u00cdFUNDACIO-GRAMA-SANTA-COLOMA.jpg\"><img loading=\"lazy\" decoding=\"async\" class=\"aligncenter size-full wp-image-8407\" alt=\"ALEV\u00cd-BENJAM\u00cdFUNDACIO GRAMA SANTA COLOMA\" src=\"http:\/\/fegrama.cat\/web\/wp-content\/uploads\/2014\/12\/ALEV\u00cd-BENJAM\u00cdFUNDACIO-GRAMA-SANTA-COLOMA.jpg\" width=\"640\" height=\"480\" srcset=\"http:\/\/fegrama.cat\/web\/wp-content\/uploads\/2014\/12\/ALEV\u00cd-BENJAM\u00cdFUNDACIO-GRAMA-SANTA-COLOMA.jpg 640w, http:\/\/fegrama.cat\/web\/wp-content\/uploads\/2014\/12\/ALEV\u00cd-BENJAM\u00cdFUNDACIO-GRAMA-SANTA-COLOMA-300x225.jpg 300w\" sizes=\"auto, (max-width: 640px) 100vw, 640px\" \/><\/a><\/p>\n<p>Se acab\u00f3 la temporada de competici\u00f3n oficial, adi\u00f3s a la liga y adi\u00f3s al Torneo Complementario que organiz\u00f3 la FCF. El Alev\u00edn-Benjam\u00edn-Prebenjam\u00edn acab\u00f3 la temporada de la mejor manera: ganando 5-0, acabando en una gran segunda posici\u00f3n y siendo el equipo m\u00e1s goleador del grupo con 31 goles.<\/p>\n<p>Las chicas de la F.E.Grama despidieron la temporada jugando en el Nou Municipal de Santa Coloma ante los Salesians-Matar\u00f3, el peor equipo del grupo. El equipo de Jordi P\u00e9rez fue en todo momento mejor y superior a su rival, ten\u00edan la pelota y las ocasiones, y atr\u00e1s defend\u00edan muy bien sin dejar a penas acercarse al \u00e1rea al equipo de Matar\u00f3.<\/p>\n<p>A los cinco minutos de juego un tiro de falta directa de Tatiana se convert\u00eda en el 1-0, un aut\u00e9ntico golazo. Diez minutos despu\u00e9s una jugada personal de Carla Conde acababa convirti\u00e9ndose en el segundo tanto del partido. Antes del descanso llegaron dos goles m\u00e1s, primero de M\u00f3nica Mart\u00ednez y despu\u00e9s de Yaiza L\u00f3pez.<\/p>\n<p>El partido estaba completamente sentenciado, las peque\u00f1as eran muy superiores a su rival. Poco trabajo tuvo Xenia en porter\u00eda; antes del final del partido Patricia P\u00e9rez consegu\u00eda el definitivo 5-0 para las colomenses.<\/p>\n","protected":false},"excerpt":{"rendered":"<p>S&#8217;ha acabat la temporada de competici\u00f3 oficial, ad\u00e9u a la lliga i ad\u00e9u al Torneig Complementari que va organitzar la FCF. L&#8217;Alev\u00ed-Benjam\u00ed-Prebenjam\u00ed va acabar la temporada de la millor manera: guanyant 5-0, acabant en una gran segona posici\u00f3 i sent l&#8217;equip m\u00e9s golejador del grup amb 31 gols. Les noies de la F.E.Grama van acomiadar [&hellip;]<\/p>\n","protected":false},"author":1,"featured_media":0,"comment_status":"closed","ping_status":"closed","sticky":false,"template":"","format":"standard","meta":{"footnotes":""},"categories":[4,13],"tags":[],"class_list":["post-11500","post","type-post","status-publish","format-standard","hentry","category-base-inclusiu","category-femeni"],"_links":{"self":[{"href":"http:\/\/fegrama.cat\/web\/wp-json\/wp\/v2\/posts\/11500","targetHints":{"allow":["GET"]}}],"collection":[{"href":"http:\/\/fegrama.cat\/web\/wp-json\/wp\/v2\/posts"}],"about":[{"href":"http:\/\/fegrama.cat\/web\/wp-json\/wp\/v2\/types\/post"}],"author":[{"embeddable":true,"href":"http:\/\/fegrama.cat\/web\/wp-json\/wp\/v2\/users\/1"}],"replies":[{"embeddable":true,"href":"http:\/\/fegrama.cat\/web\/wp-json\/wp\/v2\/comments?post=11500"}],"version-history":[{"count":2,"href":"http:\/\/fegrama.cat\/web\/wp-json\/wp\/v2\/posts\/11500\/revisions"}],"predecessor-version":[{"id":11503,"href":"http:\/\/fegrama.cat\/web\/wp-json\/wp\/v2\/posts\/11500\/revisions\/11503"}],"wp:attachment":[{"href":"http:\/\/fegrama.cat\/web\/wp-json\/wp\/v2\/media?parent=11500"}],"wp:term":[{"taxonomy":"category","embeddable":true,"href":"http:\/\/fegrama.cat\/web\/wp-json\/wp\/v2\/categories?post=11500"},{"taxonomy":"post_tag","embeddable":true,"href":"http:\/\/fegrama.cat\/web\/wp-json\/wp\/v2\/tags?post=11500"}],"curies":[{"name":"wp","href":"https:\/\/api.w.org\/{rel}","templated":true}]}}