{"id":11495,"date":"2015-05-17T10:00:44","date_gmt":"2015-05-17T09:00:44","guid":{"rendered":"http:\/\/fegrama.cat\/web\/?p=11495"},"modified":"2015-05-18T09:01:14","modified_gmt":"2015-05-18T08:01:14","slug":"el-cadet-c-va-guanyar-per-la-minima-al-turo-de-la-peira","status":"publish","type":"post","link":"http:\/\/fegrama.cat\/web\/el-cadet-c-va-guanyar-per-la-minima-al-turo-de-la-peira\/","title":{"rendered":"El Cadet \u00abC\u00bb va guanyar per la m\u00ednima al Tur\u00f3 de la Peira"},"content":{"rendered":"<p>Al Nou Municipal de Santa Coloma el Cadet \u00abC\u00bb va aconseguir una valuosa vict\u00f2ria davant el pen\u00faltim classificat, el resultat va ser d&#8217;1-0 en un partit fluix en general de tot l&#8217;equip.<\/p>\n<p>La primera part va ser molt imprecisa ja penes vam veure perill de l&#8217;equip colomenc. Per dins no triangulaven i per fora els costava aprofundir. Les sensacions no eren bones perqu\u00e8 tampoc estaven segurs defensivament, ni van ser estrictes ni en les ajudes ni al pressing despr\u00e9s de p\u00e8rdua, el millor sens dubte \u00e9s que el marcador no es va moure en els primers 45 minuts.<\/p>\n<p>A la segona part el cansament del rival els va portar a desordenar i llavors la Fundaci\u00f3 va trobar m\u00e9s espais per poder marcar gol. Tot i no estar molt encertats en la passada si van crear superioritats per fora i finalment, l&#8217;equip va fer el gol despr\u00e9s de jugada personal del lateral esquerre Marcos que va passar cap enrere perqu\u00e8 David defin\u00eds al primer toc.<\/p>\n<blockquote><p><strong>\u00c0lex Ram\u00edrez:<\/strong><em>\u00abVa ser una setmana diferent i potser no vam entrar concentrats al partit com les nostres aspiracions exigien. Tres punts m\u00e9s que ens deixa en ascens provisional.\u00bb<\/em><\/p><\/blockquote>\n<p><strong>FOTOS DEL PARTIT:<\/strong>\u00a0<a href=\"https:\/\/plus.google.com\/photos\/+FegSantacoloma\/albums\/6149889726051758145\" target=\"_blank\">https:\/\/plus.google.com\/photos\/+FegSantacoloma\/albums\/6149889726051758145<\/a><\/p>\n<p><a href=\"http:\/\/fegrama.cat\/web\/wp-content\/uploads\/2014\/12\/CADET-CFUNDACIO-GRAMA-SANTA-COLOMA2.jpg\"><img loading=\"lazy\" decoding=\"async\" class=\"aligncenter size-full wp-image-8386\" alt=\"CADET CFUNDACIO GRAMA SANTA COLOMA\" src=\"http:\/\/fegrama.cat\/web\/wp-content\/uploads\/2014\/12\/CADET-CFUNDACIO-GRAMA-SANTA-COLOMA2.jpg\" width=\"640\" height=\"480\" srcset=\"http:\/\/fegrama.cat\/web\/wp-content\/uploads\/2014\/12\/CADET-CFUNDACIO-GRAMA-SANTA-COLOMA2.jpg 640w, http:\/\/fegrama.cat\/web\/wp-content\/uploads\/2014\/12\/CADET-CFUNDACIO-GRAMA-SANTA-COLOMA2-300x225.jpg 300w\" sizes=\"auto, (max-width: 640px) 100vw, 640px\" \/><\/a><\/p>\n<p>En el Nou Municipal de Santa Coloma el Cadete \u00abC\u00bb consigui\u00f3 una valiosa victoria ante el pen\u00faltimo clasificado, el resultado fue de 1-0 en un partido flojo en general de todo el equipo.<\/p>\n<p>La primera parte fue muy imprecisa y a penas vimos peligro del equipo colomense. Por dentro no triangulaban y por fuera les costaba profundizar. Las sensaciones no eran buenas porque tampoco estaban seguros defensivamente, ni fueron estrictos ni en las ayudas ni en el pressing tras p\u00e9rdida, lo mejor sin duda es que el marcador no se movi\u00f3 en los primeros 45 minutos.<\/p>\n<p>En la segunda parte el cansancio del rival les llev\u00f3 a desordenarse y entonces la Fundaci\u00f3 encontr\u00f3 m\u00e1s espacios para poder marcar gol. Pese a no estar muy acertados en el pase s\u00ed crearon superioridades por fuera y finalmente, el equipo hizo el gol tras jugada personal del lateral izquierdo Marcos que pas\u00f3 hacia atr\u00e1s para que David definiera al primer toque.<\/p>\n<p>\u00c0lex Ram\u00edrez: \u00abFue una semana distinta y quiz\u00e1s no entramos concentrados al partido c\u00f3mo nuestras aspiraciones exig\u00edan.\u00a0Tres puntos m\u00e1s que nos deja en ascenso provisional.\u00bb<\/p>\n","protected":false},"excerpt":{"rendered":"<p>Al Nou Municipal de Santa Coloma el Cadet \u00abC\u00bb va aconseguir una valuosa vict\u00f2ria davant el pen\u00faltim classificat, el resultat va ser d&#8217;1-0 en un partit fluix en general de tot l&#8217;equip. La primera part va ser molt imprecisa ja penes vam veure perill de l&#8217;equip colomenc. Per dins no triangulaven i per fora els [&hellip;]<\/p>\n","protected":false},"author":1,"featured_media":0,"comment_status":"closed","ping_status":"closed","sticky":false,"template":"","format":"standard","meta":{"footnotes":""},"categories":[4,7],"tags":[],"class_list":["post-11495","post","type-post","status-publish","format-standard","hentry","category-base-inclusiu","category-cadets"],"_links":{"self":[{"href":"http:\/\/fegrama.cat\/web\/wp-json\/wp\/v2\/posts\/11495","targetHints":{"allow":["GET"]}}],"collection":[{"href":"http:\/\/fegrama.cat\/web\/wp-json\/wp\/v2\/posts"}],"about":[{"href":"http:\/\/fegrama.cat\/web\/wp-json\/wp\/v2\/types\/post"}],"author":[{"embeddable":true,"href":"http:\/\/fegrama.cat\/web\/wp-json\/wp\/v2\/users\/1"}],"replies":[{"embeddable":true,"href":"http:\/\/fegrama.cat\/web\/wp-json\/wp\/v2\/comments?post=11495"}],"version-history":[{"count":1,"href":"http:\/\/fegrama.cat\/web\/wp-json\/wp\/v2\/posts\/11495\/revisions"}],"predecessor-version":[{"id":11497,"href":"http:\/\/fegrama.cat\/web\/wp-json\/wp\/v2\/posts\/11495\/revisions\/11497"}],"wp:attachment":[{"href":"http:\/\/fegrama.cat\/web\/wp-json\/wp\/v2\/media?parent=11495"}],"wp:term":[{"taxonomy":"category","embeddable":true,"href":"http:\/\/fegrama.cat\/web\/wp-json\/wp\/v2\/categories?post=11495"},{"taxonomy":"post_tag","embeddable":true,"href":"http:\/\/fegrama.cat\/web\/wp-json\/wp\/v2\/tags?post=11495"}],"curies":[{"name":"wp","href":"https:\/\/api.w.org\/{rel}","templated":true}]}}