{"id":11493,"date":"2015-05-17T09:50:29","date_gmt":"2015-05-17T08:50:29","guid":{"rendered":"http:\/\/fegrama.cat\/web\/?p=11493"},"modified":"2015-05-18T08:43:32","modified_gmt":"2015-05-18T07:43:32","slug":"linfantil-d-va-golejar-al-municipal-iberia","status":"publish","type":"post","link":"http:\/\/fegrama.cat\/web\/linfantil-d-va-golejar-al-municipal-iberia\/","title":{"rendered":"L&#8217;Infantil \u00abD\u00bb va golejar al Municipal Iberia"},"content":{"rendered":"<p>Golejada d&#8217;esc\u00e0ndol per seguir a dos punts dels dos primers, l&#8217;Infantil \u00abD\u00bb va guanyar 1-7 a l&#8217;EF \u00c0ngel Pedraza per\u00f2 segueix una setmana m\u00e9s tercer i ja nom\u00e9s queden dues jornades per al final de la temporada.<\/p>\n<p>Aquest cap de setmana els colomencs es van trobar amb un equip intens i que juga molt b\u00e9 al futbol, \u200b\u200bamb molt bona sortida de pilota i circulaci\u00f3 a dos tocs per\u00f2 poc potencial ofensiu. La Fundaci\u00f3 Esportiva Grama va ser molt efectiva i va aprofitar les errades que cometien els locals, deixant molts espais en les marques i defensa retardada, per golejar al seu rival.<\/p>\n<p>Els colomencs es van dedicar a jugar de manera directa, diagonals a les bandes o internades r\u00e0pides pel centre fent molt de mal a la defensa de Pedraza. 4-0 a la mitja part gr\u00e0cies als gols d&#8217;Iker Altamirano en dues ocasions, Sergio Mart\u00ednez i Mario D\u00edaz, el resultat va poder ser m\u00e9s gran\u00a0ja que van tenir alguna que una altra ocasi\u00f3 desaprofitada.<\/p>\n<p>A la segona part els locals van sortir m\u00e9s ofensius, van avan\u00e7ar la defensa el que va provocar que l&#8217;\u00e0rbitre xiular\u00e0 bastant fores de joc, l&#8217;entrenador visitant va fer un canvi de sistema per ser aix\u00ed m\u00e9s conservadors amb la pilota fent que la defensa sort\u00eds a pressionar i llavors aprofitar de nou els espais per plantejar-se sols contra el porter.<\/p>\n<p>Mario D\u00edaz va marcar dos gols m\u00e9s per completar un &#8216;hat-trick&#8217; i Iv\u00e1n Miralles tamb\u00e9 va marcar per posar set gols en el caseller visitant, els visitants van aconseguir el gol de l&#8217;honor amb un gol fantasma.<\/p>\n<p><a href=\"http:\/\/fegrama.cat\/web\/wp-content\/uploads\/2014\/12\/INFANTIL-DFUNDACIO-GRAMA-SANTA-COLOMA1.jpg\"><img loading=\"lazy\" decoding=\"async\" class=\"aligncenter size-full wp-image-8395\" alt=\"INFANTIL DFUNDACIO GRAMA SANTA COLOMA\" src=\"http:\/\/fegrama.cat\/web\/wp-content\/uploads\/2014\/12\/INFANTIL-DFUNDACIO-GRAMA-SANTA-COLOMA1.jpg\" width=\"640\" height=\"480\" srcset=\"http:\/\/fegrama.cat\/web\/wp-content\/uploads\/2014\/12\/INFANTIL-DFUNDACIO-GRAMA-SANTA-COLOMA1.jpg 640w, http:\/\/fegrama.cat\/web\/wp-content\/uploads\/2014\/12\/INFANTIL-DFUNDACIO-GRAMA-SANTA-COLOMA1-300x225.jpg 300w\" sizes=\"auto, (max-width: 640px) 100vw, 640px\" \/><\/a><\/p>\n<p>Goleada de esc\u00e1ndalo para seguir a dos puntos de los dos primeros, el Infantil \u00abD\u00bb gan\u00f3 1-7 a la EF \u00c1ngel Pedraza pero sigue una semana m\u00e1s tercero y ya solo quedan dos jornadas para el final de la temporada.<\/p>\n<p>Este fin de semana los colomenses se encontraron con un equipo intenso y que juega muy bien al f\u00fatbol, con muy buena salida de bal\u00f3n y circulaci\u00f3n a dos toques pero poco potencial ofensivo. La Fundaci\u00f3 Esportiva Grama fue muy efectiva y aprovecho los fallos que comet\u00edan los locales, dejando muchos espacios en las marcas y defensa retrasada, para golear a su rival.<\/p>\n<p>Los colomenses se dedicaron a jugar de manera directa, diagonales a las bandas o internadas r\u00e1pidas por el centro haciendo mucho da\u00f1o a la defensa de Pedraza. 4-0 a la media parte gracias a los goles de Iker Altamirano en dos ocasiones, Sergio Mart\u00ednez y Mario D\u00edaz, el resultado pudo ser mayo ya que tuvieron alguna que otra ocasi\u00f3n desperdiciada.<\/p>\n<p>En la segunda parte los locales salieron m\u00e1s ofensivos, adelantaron la defensa lo que provoc\u00f3 que el \u00e1rbitro pitar\u00e1 bastante fueras de juego, el entrenador visitante hizo un cambio de sistema para ser as\u00ed m\u00e1s conservadores con el bal\u00f3n haciendo que la defensa saliera a presionar y entonces aprovechar de nuevo los espacios para plantearse solos contra el portero.<\/p>\n<p>Mario D\u00edaz marc\u00f3 dos goles m\u00e1s para completar un &#8216;hat-trick&#8217; e Iv\u00e1n Miralles tambi\u00e9n marc\u00f3 para poner siete goles en el casillero visitante, los visitantes consiguieron el &#8216;gol del honor&#8217; con un gol fantasma.<\/p>\n","protected":false},"excerpt":{"rendered":"<p>Golejada d&#8217;esc\u00e0ndol per seguir a dos punts dels dos primers, l&#8217;Infantil \u00abD\u00bb va guanyar 1-7 a l&#8217;EF \u00c0ngel Pedraza per\u00f2 segueix una setmana m\u00e9s tercer i ja nom\u00e9s queden dues jornades per al final de la temporada. Aquest cap de setmana els colomencs es van trobar amb un equip intens i que juga molt b\u00e9 [&hellip;]<\/p>\n","protected":false},"author":1,"featured_media":8395,"comment_status":"closed","ping_status":"closed","sticky":false,"template":"","format":"standard","meta":{"footnotes":""},"categories":[4,9],"tags":[],"class_list":["post-11493","post","type-post","status-publish","format-standard","has-post-thumbnail","hentry","category-base-inclusiu","category-infantils"],"_links":{"self":[{"href":"http:\/\/fegrama.cat\/web\/wp-json\/wp\/v2\/posts\/11493","targetHints":{"allow":["GET"]}}],"collection":[{"href":"http:\/\/fegrama.cat\/web\/wp-json\/wp\/v2\/posts"}],"about":[{"href":"http:\/\/fegrama.cat\/web\/wp-json\/wp\/v2\/types\/post"}],"author":[{"embeddable":true,"href":"http:\/\/fegrama.cat\/web\/wp-json\/wp\/v2\/users\/1"}],"replies":[{"embeddable":true,"href":"http:\/\/fegrama.cat\/web\/wp-json\/wp\/v2\/comments?post=11493"}],"version-history":[{"count":1,"href":"http:\/\/fegrama.cat\/web\/wp-json\/wp\/v2\/posts\/11493\/revisions"}],"predecessor-version":[{"id":11494,"href":"http:\/\/fegrama.cat\/web\/wp-json\/wp\/v2\/posts\/11493\/revisions\/11494"}],"wp:featuredmedia":[{"embeddable":true,"href":"http:\/\/fegrama.cat\/web\/wp-json\/wp\/v2\/media\/8395"}],"wp:attachment":[{"href":"http:\/\/fegrama.cat\/web\/wp-json\/wp\/v2\/media?parent=11493"}],"wp:term":[{"taxonomy":"category","embeddable":true,"href":"http:\/\/fegrama.cat\/web\/wp-json\/wp\/v2\/categories?post=11493"},{"taxonomy":"post_tag","embeddable":true,"href":"http:\/\/fegrama.cat\/web\/wp-json\/wp\/v2\/tags?post=11493"}],"curies":[{"name":"wp","href":"https:\/\/api.w.org\/{rel}","templated":true}]}}